{"id":12867,"date":"2026-04-09T01:26:40","date_gmt":"2026-04-09T01:26:40","guid":{"rendered":"https:\/\/www.newsrecorder.ro\/app\/2026\/04\/09\/usr-contesta-afirmatia-presedintelui-numirile-poarta-marca-psd\/"},"modified":"2026-04-09T01:26:40","modified_gmt":"2026-04-09T01:26:40","slug":"usr-contesta-afirmatia-presedintelui-numirile-poarta-marca-psd","status":"publish","type":"post","link":"https:\/\/www.newsrecorder.ro\/app\/2026\/04\/09\/usr-contesta-afirmatia-presedintelui-numirile-poarta-marca-psd\/","title":{"rendered":"USR Contest\u0103 Afirmatia Pre\u0219edintelui: Numirile Poart\u0103 Marca PSD!"},"content":{"rendered":"<p>USR a declarat, miercuri sear\u0103, c\u0103 reprezentan\u021bii s\u0103i sus\u021bin inten\u021bia pre\u0219edintelui de a revitaliza activitatea parchetelor, \u00een special \u00een ceea ce prive\u0219te dosarele mari de corup\u021bie \u0219i evaziune fiscal\u0103.<\/p>\n<p>\u201eEste esen\u021bial ca oamenii s\u0103 aib\u0103 mai mult\u0103 \u00eencredere \u00een justi\u021bie, iar aceast\u0103 \u00eencredere se construie\u0219te prin modul \u00een care este administrat\u0103. Din acest motiv, consider\u0103m c\u0103 aceste numiri ar fi trebuit s\u0103 fie \u00eenso\u021bite de un proces care s\u0103 inspire, f\u0103r\u0103 \u00eendoial\u0103, \u00eencredere \u0219i transparen\u021b\u0103\u201d, se men\u021bioneaz\u0103 \u00eentr-un comunicat al USR.<\/p>\n<p>Cu toate acestea, USR nu este de acord cu afirma\u021bia pre\u0219edintelui conform c\u0103reia numirile nu poart\u0103 \u201emarca PSD\u201d.<\/p>\n<p>\u201eDiscrepan\u021ba dintre opinia pre\u0219edintelui \u0219i realitate este evident\u0103. Un proces poate oferi \u00eencredere doar dac\u0103 este condus de persoane de \u00eencredere. Domnul Marinescu, ministru PSD, a coordonat un proces viciat, care nu a inspirat \u00eencredere multor procurori one\u0219ti din sistem. \u00cengrijor\u0103rile exprimate de societatea civil\u0103 sunt justificate. Avertismentele au venit din partea procurorilor cinsti\u021bi din interiorul sistemului, de la CSM, de la ONG-uri anticorup\u021bie \u0219i de la oameni care au protestat \u00een pie\u021be pentru o justi\u021bie independent\u0103. Pre\u0219edintele a promis c\u0103, dup\u0103 \u0219ase luni, rezultatele vor \u00eencepe s\u0103 fie vizibile. Acum, este responsabilitatea noilor numi\u021bi s\u0103 contrazic\u0103 toate criticile prin fapte \u0219i s\u0103 se ridice la a\u0219tept\u0103rile pe care rom\u00e2nii le au de la justi\u021bie\u201d, se mai arat\u0103 \u00een comunicatul USR.<\/p>\n<p><a href=\"https:\/\/www.mediafax.ro\/politic\/ar-numi-nicusor-dan-un-procuror-sef-precum-giovanni-falcone-raspunsul-presedintelui-23717366\" target=\"_blank\" rel=\"noopener\">Nicu\u0219or Dan<\/a> a comentat, \u00een cadrul unei conferin\u021be de pres\u0103, specula\u021biile ap\u0103rute \u00een spa\u021biul public referitoare la aprobarea sau respingerea propunerilor PSD pentru func\u021biile de procurori \u0219efi. El a subliniat c\u0103 aceste numiri au fost realizate dup\u0103 o analiz\u0103 riguroas\u0103 a dosarelor, procedur\u0103 pe care ar fi urmat-o \u0219i dac\u0103 Giovanni Falcone ar fi fost \u00een via\u021b\u0103 \u0219i ar fi dorit s\u0103 devin\u0103 procuror \u0219ef.<\/p>\n<p>\u201eAcestea nu sunt propunerile PSD. Dac\u0103 Giovanni Falcone ar fi fost un procuror rom\u00e2n activ \u0219i ar fi dorit s\u0103 devin\u0103 Procuror General, ar fi trebuit s\u0103 depun\u0103 un dosar la Ministerul Justi\u021biei, s\u0103 fie audiat de o comisie condus\u0103 de ministrul Justi\u021biei, iar acesta \u2013 fiind din PSD \u2013 ar fi transmis propunerea c\u0103tre Pre\u0219edintele Rom\u00e2niei. Nu cred c\u0103 domnul Falcone ar fi fost pesedist. Puteam discuta despre calitatea propunerilor, dar nu am v\u0103zut o astfel de dezbatere \u00een spa\u021biul public. De asemenea, s-a sus\u021binut c\u0103 fo\u0219tii procurori-\u0219efi vor continua s\u0103 conduc\u0103 Parchetele din func\u021bia de procurori adjunc\u021bi. Este o afirma\u021bie complet fals\u0103. Atribu\u021biile procurorilor-\u0219efi adjunc\u021bi sunt stabilite de Procurorul General \u0219i de procurorii-\u0219efi. Deciziile \u00een cadrul Parchetului General \u0219i al Parchetelor specializate sunt luate de ace\u0219tia. Dac\u0103 \u00eentreb\u0103m jurnali\u0219tii prezen\u021bi s\u0103 ne ofere un nume de procuror-\u0219ef adjunct din anii &#8217;90 sau 2000, cu siguran\u021b\u0103 nu vor putea. Rolul procurorilor-\u0219efi adjunc\u021bi este important, dar deciziile sunt luate de procurorii-\u0219efi. A\u0219a cum viceprimarii nu au un impact semnificativ, iar nimeni nu \u00ee\u0219i va aminti numele lor din trecut, la fel se \u00eent\u00e2mpl\u0103 \u0219i \u00een cazul procurorilor adjunc\u021bi\u201d, a concluzionat Dan. <\/p>\n","protected":false},"excerpt":{"rendered":"<p>USR a declarat, miercuri sear\u0103, c\u0103 reprezentan\u021bii s\u0103i sus\u021bin inten\u021bia pre\u0219edintelui de a revitaliza activitatea parchetelor, \u00een special \u00een ceea ce prive\u0219te dosarele mari de corup\u021bie \u0219i evaziune fiscal\u0103. \u201eEste esen\u021bial ca oamenii s\u0103 aib\u0103 mai mult\u0103 \u00eencredere \u00een justi\u021bie, iar aceast\u0103 \u00eencredere se construie\u0219te prin modul \u00een care este administrat\u0103. Din acest motiv, consider\u0103m [&hellip;]<\/p>\n","protected":false},"author":2,"featured_media":12868,"comment_status":"open","ping_status":"open","sticky":false,"template":"","format":"standard","meta":{"jnews-multi-image_gallery":[],"jnews_single_post":[],"jnews_primary_category":[],"jnews_override_counter":[],"footnotes":""},"categories":[42],"tags":[1076,2225,210,1319,4571,2495,1842,2823],"class_list":["post-12867","post","type-post","status-publish","format-standard","has-post-thumbnail","hentry","category-politica","tag-coruptie","tag-evaziune-fiscala","tag-incredere","tag-justitie","tag-parchete","tag-proces","tag-transparenta","tag-usr"],"_links":{"self":[{"href":"https:\/\/www.newsrecorder.ro\/app\/wp-json\/wp\/v2\/posts\/12867","targetHints":{"allow":["GET"]}}],"collection":[{"href":"https:\/\/www.newsrecorder.ro\/app\/wp-json\/wp\/v2\/posts"}],"about":[{"href":"https:\/\/www.newsrecorder.ro\/app\/wp-json\/wp\/v2\/types\/post"}],"author":[{"embeddable":true,"href":"https:\/\/www.newsrecorder.ro\/app\/wp-json\/wp\/v2\/users\/2"}],"replies":[{"embeddable":true,"href":"https:\/\/www.newsrecorder.ro\/app\/wp-json\/wp\/v2\/comments?post=12867"}],"version-history":[{"count":0,"href":"https:\/\/www.newsrecorder.ro\/app\/wp-json\/wp\/v2\/posts\/12867\/revisions"}],"wp:featuredmedia":[{"embeddable":true,"href":"https:\/\/www.newsrecorder.ro\/app\/wp-json\/wp\/v2\/media\/12868"}],"wp:attachment":[{"href":"https:\/\/www.newsrecorder.ro\/app\/wp-json\/wp\/v2\/media?parent=12867"}],"wp:term":[{"taxonomy":"category","embeddable":true,"href":"https:\/\/www.newsrecorder.ro\/app\/wp-json\/wp\/v2\/categories?post=12867"},{"taxonomy":"post_tag","embeddable":true,"href":"https:\/\/www.newsrecorder.ro\/app\/wp-json\/wp\/v2\/tags?post=12867"}],"curies":[{"name":"wp","href":"https:\/\/api.w.org\/{rel}","templated":true}]}}