{"id":12871,"date":"2026-04-09T01:27:09","date_gmt":"2026-04-09T01:27:09","guid":{"rendered":"https:\/\/www.newsrecorder.ro\/app\/2026\/04\/09\/marinescu-numirile-sefilor-de-parchete-fara-mize-personale\/"},"modified":"2026-04-09T01:27:09","modified_gmt":"2026-04-09T01:27:09","slug":"marinescu-numirile-sefilor-de-parchete-fara-mize-personale","status":"publish","type":"post","link":"https:\/\/www.newsrecorder.ro\/app\/2026\/04\/09\/marinescu-numirile-sefilor-de-parchete-fara-mize-personale\/","title":{"rendered":"Marinescu: Numirile \u0219efilor de Parchete, f\u0103r\u0103 mize personale!"},"content":{"rendered":"<p>Deciziile recente din conducerea marilor parchete din Rom\u00e2nia au fost anun\u021bate cu mult\u0103 transparen\u021b\u0103 \u0219i implicare. \u201ePre\u0219edintele a decis. 7 din cele 8 propuneri motivate privind conducerea marilor parchete, \u00eenaintate de Ministerul Justi\u021biei, au fost aprobate. To\u021bi procurorii \u0219efi \u0219i 4 dintre adjunc\u021bi au fost numi\u021bi\u201d, a declarat Radu Marinescu, Ministrul Justi\u021biei.<\/p>\n<p>Este un moment istoric pentru statul de drept rom\u00e2n, deoarece, pentru prima dat\u0103, s-a desf\u0103\u0219urat o procedur\u0103 de selec\u021bie at\u00e2t de ampl\u0103, implic\u00e2nd 18 candida\u021bi pentru cele 8 pozi\u021bii de conducere. \u201eAceast\u0103 procedur\u0103 a fost realizat\u0103 cu deplin\u0103 transparen\u021b\u0103, incluz\u00e2nd transmiterea \u00een direct a interviurilor \u0219i prezentarea public\u0103 a motiv\u0103rii alegerilor Ministerului Justi\u021biei\u201d, a subliniat Marinescu.<\/p>\n<p>El a mul\u021bumit tuturor celor implica\u021bi \u00een proces, inclusiv membrilor comisiei ministeriale, colegilor din minister \u0219i celor din Consiliul Superior al Magistraturii (CSM), pentru eforturile depuse \u00een respectarea legii \u0219i a bunelor practici. \u201eDiferen\u021bele de opinie nu invalideaz\u0103 procedura, ci confirm\u0103 eficien\u021ba unui mecanism de selec\u021bie care include mai multe filtre de evaluare institu\u021bional\u0103\u201d, a ad\u0103ugat el.<\/p>\n<p>Marinescu a felicitat noii numi\u021bi \u00een conducerea marilor parchete \u0219i le-a urat succes \u00een activitatea lor, subliniind c\u0103 exist\u0103 multe provoc\u0103ri ce trebuie rezolvate pentru a \u00eembun\u0103t\u0103\u021bi activitatea \u0219i a eficientiza lupta \u00eempotriva crimei. \u201eLa cap\u0103tul acestui drum nu exist\u0103 mize personale, nume sau orgolii. Este vorba despre consolidarea statului de drept, a principiului preeminen\u021bei legii \u0219i asigurarea unei justi\u021bii care s\u0103 rec\u00e2\u0219tige \u00eencrederea cet\u0103\u021benilor\u201d, a concluzionat el.<\/p>\n<p>\u00cen urma propunerilor \u00eenaintate de Radu Marinescu, Pre\u0219edintele Nicu\u0219or Dan a numit procurorii \u0219efi ai marilor parchete din Rom\u00e2nia. Totu\u0219i, trebuie men\u021bionat c\u0103 singura propunere respins\u0103 a fost cea a lui Gill Julien Grigore Iacobici, de la Parchetul Cur\u021bii de Apel Constan\u021ba, care fusese nominalizat pentru func\u021bia de adjunct al DIICOT.<\/p>\n","protected":false},"excerpt":{"rendered":"<p>Deciziile recente din conducerea marilor parchete din Rom\u00e2nia au fost anun\u021bate cu mult\u0103 transparen\u021b\u0103 \u0219i implicare. \u201ePre\u0219edintele a decis. 7 din cele 8 propuneri motivate privind conducerea marilor parchete, \u00eenaintate de Ministerul Justi\u021biei, au fost aprobate. To\u021bi procurorii \u0219efi \u0219i 4 dintre adjunc\u021bi au fost numi\u021bi\u201d, a declarat Radu Marinescu, Ministrul Justi\u021biei. Este un moment [&hellip;]<\/p>\n","protected":false},"author":2,"featured_media":12872,"comment_status":"open","ping_status":"open","sticky":false,"template":"","format":"standard","meta":{"jnews-multi-image_gallery":[],"jnews_single_post":[],"jnews_primary_category":[],"jnews_override_counter":[],"footnotes":""},"categories":[42],"tags":[15660,6404,7612,11973,6008,6061,4416,1842],"class_list":["post-12871","post","type-post","status-publish","format-standard","has-post-thumbnail","hentry","category-politica","tag-conducerea-parchetelor","tag-csm","tag-ministerul-justitiei","tag-procurori","tag-radu-marinescu","tag-selectie","tag-stat-de-drept","tag-transparenta"],"_links":{"self":[{"href":"https:\/\/www.newsrecorder.ro\/app\/wp-json\/wp\/v2\/posts\/12871","targetHints":{"allow":["GET"]}}],"collection":[{"href":"https:\/\/www.newsrecorder.ro\/app\/wp-json\/wp\/v2\/posts"}],"about":[{"href":"https:\/\/www.newsrecorder.ro\/app\/wp-json\/wp\/v2\/types\/post"}],"author":[{"embeddable":true,"href":"https:\/\/www.newsrecorder.ro\/app\/wp-json\/wp\/v2\/users\/2"}],"replies":[{"embeddable":true,"href":"https:\/\/www.newsrecorder.ro\/app\/wp-json\/wp\/v2\/comments?post=12871"}],"version-history":[{"count":0,"href":"https:\/\/www.newsrecorder.ro\/app\/wp-json\/wp\/v2\/posts\/12871\/revisions"}],"wp:featuredmedia":[{"embeddable":true,"href":"https:\/\/www.newsrecorder.ro\/app\/wp-json\/wp\/v2\/media\/12872"}],"wp:attachment":[{"href":"https:\/\/www.newsrecorder.ro\/app\/wp-json\/wp\/v2\/media?parent=12871"}],"wp:term":[{"taxonomy":"category","embeddable":true,"href":"https:\/\/www.newsrecorder.ro\/app\/wp-json\/wp\/v2\/categories?post=12871"},{"taxonomy":"post_tag","embeddable":true,"href":"https:\/\/www.newsrecorder.ro\/app\/wp-json\/wp\/v2\/tags?post=12871"}],"curies":[{"name":"wp","href":"https:\/\/api.w.org\/{rel}","templated":true}]}}