{"id":12902,"date":"2026-04-09T11:42:35","date_gmt":"2026-04-09T11:42:35","guid":{"rendered":"https:\/\/www.newsrecorder.ro\/app\/2026\/04\/09\/funeraliile-lui-mircea-lucescu-cine-se-ocupa-de-acest-moment-emotionant\/"},"modified":"2026-04-09T11:42:35","modified_gmt":"2026-04-09T11:42:35","slug":"funeraliile-lui-mircea-lucescu-cine-se-ocupa-de-acest-moment-emotionant","status":"publish","type":"post","link":"https:\/\/www.newsrecorder.ro\/app\/2026\/04\/09\/funeraliile-lui-mircea-lucescu-cine-se-ocupa-de-acest-moment-emotionant\/","title":{"rendered":"Funeraliile lui Mircea Lucescu: Cine se ocup\u0103 de acest moment emo\u021bionant?"},"content":{"rendered":"<p>Funeraliile lui Mircea Lucescu, un titan al fotbalului rom\u00e2nesc \u0219i european, se apropie de finalizare, iar la Arena Na\u021bional\u0103, oficialit\u0103\u021bi de rang \u00eenalt, colegi \u0219i fo\u0219ti colaboratori din afacerea fotbalistic\u0103 interna\u021bional\u0103, al\u0103turi de familie, se preg\u0103tesc s\u0103 aduc\u0103 un ultim omagiu emblematicului antrenor, care a \u00eencetat din via\u021b\u0103 mar\u021bi seara.<\/p>\n<p>Cu o carier\u0103 impresionant\u0103 marcat\u0103 de numeroase titluri \u00een campionate interne \u0219i trofee europene, Mircea Lucescu a jucat un rol fundamental \u00een evolu\u021bia fotbalului rom\u00e2nesc \u0219i est-european. Conform informa\u021biilor furnizate de Spitalul Universitar de Urgen\u021b\u0103 Bucure\u0219ti, Lucescu a decedat pe 7 aprilie 2026, \u00een jurul orei 20:30.<\/p>\n<p>De miercuri, sicriul cu trupul ne\u00eensufle\u021bit al lui Lucescu a fost depus la Arena Na\u021bional\u0103, unde joi a fost prezent \u0219i premierul Ilie Bolojan. Cu aceast\u0103 ocazie, autorit\u0103\u021bile au anun\u021bat c\u0103 noul stadion al echipei Dinamo va purta numele lui Mircea Lucescu, o recunoa\u0219tere a contribu\u021biei sale \u00een sport.<\/p>\n<p>\u00cenmorm\u00e2ntarea este organizat\u0103 de Vlad Andrei Cristea, pre\u0219edintele Asocia\u021biei Serviciilor Funerare (ASF), prin intermediul firmei sale, Beligi SRL din Bucure\u0219ti. \u201eEste o onoare pentru noi. Vorbim despre o personalitate care a inspirat genera\u021bii\u201d, a declarat Cristea pentru Mediafax.<\/p>\n<p>Grupul de operatori din cadrul Asocia\u021biei Serviciilor Funerare (ASF) a avut \u0219i responsabilitatea organiz\u0103rii <a href=\"https:\/\/www.mediafax.ro\/social\/nina-iliescu-multumesc-celor-care-au-participat-la-funeraliile-primului-presedinte-al-romaniei-libere-si-democrate-23592518\">\u00eenmorm\u00e2nt\u0103rii cu onoruri militare a fostului pre\u0219edinte Ion Iliescu<\/a>, desf\u0103\u0219urat\u0103 pe 5 august 2025, dup\u0103 ce asocia\u021bia \u0219i-a oferit serviciile Guvernului cu c\u00e2teva luni \u00eenainte de acest eveniment.<\/p>\n<p>De asemenea, Vlad Andrei Cristea a subliniat, \u00eentr-o declara\u021bie pentru Mediafax, c\u0103 Asocia\u021bia Serviciilor Funerare din Rom\u00e2nia ofer\u0103 <a href=\"https:\/\/www.mediafax.ro\/economic\/asociatia-serviciilor-funerare-din-romania-se-ofera-sa-ajute-familiile-afectate-de-explozia-din-rahova-sa-isi-ingroape-gratuit-defunctii-23627857\">sprijin umanitar<\/a> gratuit pentru \u00eenmorm\u00e2ntarea victimelor tragediei de pe 17 octombrie, ce a avut loc pe Calea Rahovei din Bucure\u0219ti.<\/p>\n<p>Ceremonia de \u00eenmorm\u00e2ntare este programat\u0103 pentru vineri, iar cortegiul funerar se va deplasa spre Biserica Sf\u00e2ntul Elefterie, unde slujba va \u00eencepe la ora 10:00. Ultima etap\u0103 a funeraliilor se va desf\u0103\u0219ura la Cimitirul Bellu, \u00eencep\u00e2nd cu ora 12:20, iar \u00eenmorm\u00e2ntarea va avea loc la 13:10, fiind \u00eenso\u021bit\u0103 de onoruri militare. Accesul la acest moment solemn va fi restric\u021bionat la familie \u0219i invita\u021bi apropia\u021bi.<\/p>\n","protected":false},"excerpt":{"rendered":"<p>Funeraliile lui Mircea Lucescu, un titan al fotbalului rom\u00e2nesc \u0219i european, se apropie de finalizare, iar la Arena Na\u021bional\u0103, oficialit\u0103\u021bi de rang \u00eenalt, colegi \u0219i fo\u0219ti colaboratori din afacerea fotbalistic\u0103 interna\u021bional\u0103, al\u0103turi de familie, se preg\u0103tesc s\u0103 aduc\u0103 un ultim omagiu emblematicului antrenor, care a \u00eencetat din via\u021b\u0103 mar\u021bi seara. Cu o carier\u0103 impresionant\u0103 marcat\u0103 [&hellip;]<\/p>\n","protected":false},"author":2,"featured_media":12903,"comment_status":"open","ping_status":"open","sticky":false,"template":"","format":"standard","meta":{"jnews-multi-image_gallery":[],"jnews_single_post":[],"jnews_primary_category":[],"jnews_override_counter":[],"footnotes":""},"categories":[41],"tags":[838,14569,2136,1577,980,15704,2528,15705],"class_list":["post-12902","post","type-post","status-publish","format-standard","has-post-thumbnail","hentry","category-externe","tag-antrenor","tag-arena-nationala","tag-autoritati","tag-dinamo","tag-fotbal-romanesc","tag-funeralii","tag-mircea-lucescu","tag-trofee-europene"],"_links":{"self":[{"href":"https:\/\/www.newsrecorder.ro\/app\/wp-json\/wp\/v2\/posts\/12902","targetHints":{"allow":["GET"]}}],"collection":[{"href":"https:\/\/www.newsrecorder.ro\/app\/wp-json\/wp\/v2\/posts"}],"about":[{"href":"https:\/\/www.newsrecorder.ro\/app\/wp-json\/wp\/v2\/types\/post"}],"author":[{"embeddable":true,"href":"https:\/\/www.newsrecorder.ro\/app\/wp-json\/wp\/v2\/users\/2"}],"replies":[{"embeddable":true,"href":"https:\/\/www.newsrecorder.ro\/app\/wp-json\/wp\/v2\/comments?post=12902"}],"version-history":[{"count":0,"href":"https:\/\/www.newsrecorder.ro\/app\/wp-json\/wp\/v2\/posts\/12902\/revisions"}],"wp:featuredmedia":[{"embeddable":true,"href":"https:\/\/www.newsrecorder.ro\/app\/wp-json\/wp\/v2\/media\/12903"}],"wp:attachment":[{"href":"https:\/\/www.newsrecorder.ro\/app\/wp-json\/wp\/v2\/media?parent=12902"}],"wp:term":[{"taxonomy":"category","embeddable":true,"href":"https:\/\/www.newsrecorder.ro\/app\/wp-json\/wp\/v2\/categories?post=12902"},{"taxonomy":"post_tag","embeddable":true,"href":"https:\/\/www.newsrecorder.ro\/app\/wp-json\/wp\/v2\/tags?post=12902"}],"curies":[{"name":"wp","href":"https:\/\/api.w.org\/{rel}","templated":true}]}}