{"id":12910,"date":"2026-04-09T12:19:16","date_gmt":"2026-04-09T12:19:16","guid":{"rendered":"https:\/\/www.newsrecorder.ro\/app\/2026\/04\/09\/ilie-bolojan-si-politicienii-aduc-un-ultim-omagiu-lui-lucescu\/"},"modified":"2026-04-09T12:19:16","modified_gmt":"2026-04-09T12:19:16","slug":"ilie-bolojan-si-politicienii-aduc-un-ultim-omagiu-lui-lucescu","status":"publish","type":"post","link":"https:\/\/www.newsrecorder.ro\/app\/2026\/04\/09\/ilie-bolojan-si-politicienii-aduc-un-ultim-omagiu-lui-lucescu\/","title":{"rendered":"Ilie Bolojan \u0219i politicienii aduc un ultim omagiu lui Lucescu"},"content":{"rendered":"<p>Fostul pre\u0219edinte al Rom\u00e2niei, Traian B\u0103sescu, a sosit joi la Arena Na\u021bional\u0103 pentru a-i aduce un ultim omagiu legendarului selec\u021bioner Mircea Lucescu. \u00cen timpul vizitei, el a avut o \u00eent\u00e2lnire scurt\u0103 cu R\u0103zvan Lucescu, fiul antrenorului, \u00een apropierea catafalcului.<\/p>\n<p>\u201eN-am de spus dec\u00e2t un singur lucru. Respect pentru Mircea Lucescu. A avut o via\u021b\u0103 dedicat\u0103 sportului \u0219i Rom\u00e2niei. Respect pentru Lucescu\u201d, a declarat B\u0103sescu, exprim\u00e2ndu-\u0219i admira\u021bia pentru contribu\u021biile acestuia la fotbalul rom\u00e2nesc.<\/p>\n<p>Primarul general al Capitalei, Ciprian Ciucu, a fost \u0219i el prezent la Arena Na\u021bional\u0103, emo\u021bionat de moment. Acesta a adus o coroan\u0103 de flori, simboliz\u00e2nd o minge de fotbal, \u0219i a \u021binut un moment de reculegere \u00een fa\u021ba sicriului. La ie\u0219irea de la ceremonie, Ciucu a subliniat c\u0103 \u201eeste un moment pentru familie, nu pentru politicieni\u201d, aduc\u00e2nd un omagiu personal familiei lui Lucescu.<\/p>\n<p>De asemenea, autorit\u0103\u021bile au decis ca <a style=\"color: #0000ff\" href=\"https:\/\/www.mediafax.ro\/sport\/noul-stadion-al-echipei-dinamo-se-va-numi-mircea-lucescu-23717660\">noul stadion al echipei Dinamo<\/a> s\u0103 fie numit Mircea Lucescu, o decizie anun\u021bat\u0103 de ministrul Afacerilor Interne, C\u0103t\u0103lin Predoiu. Acesta a eviden\u021biat impactul semnificativ pe care Lucescu l-a avut asupra fotbalului rom\u00e2nesc, men\u021bion\u00e2nd c\u0103 demersurile necesare au fost deja ini\u021biate.<\/p>\n<p>Ministrul Predoiu a adus \u0219i el un omagiu la Arena Na\u021bional\u0103, unde se afl\u0103 trupul ne\u00eensufle\u021bit al lui Mircea Lucescu. A depus o coroan\u0103 din partea MAI, a salutat familia \u0219i a observat un moment de reculegere \u00een memoria antrenorului.<\/p>\n<p>La nivelul Guvernului Rom\u00e2niei, o \u0219edin\u021b\u0103 a \u00eenceput cu un moment de reculegere dedicat lui Mircea Lucescu, la ini\u021biativa premierului Ilie Bolojan. Aceasta a fost o oportunitate pentru oficiali de a-\u0219i exprima respectul fa\u021b\u0103 de realiz\u0103rile antrenorului.<\/p>\n<p>Premierul Bolojan a declarat c\u0103 Lucescu a avut o \u201ecarier\u0103 prestigioas\u0103\u201d \u0219i a avut ocazia s\u0103 discute cu R\u0103zvan Lucescu la ceremonia de la Arena Na\u021bional\u0103. Dup\u0103 ora 12:00, al\u021bi politicieni sunt a\u0219tepta\u021bi s\u0103 aduc\u0103 un ultim omagiu.<\/p>\n<p>Ast\u0103zi, suporterii \u0219i admiratorii marelui antrenor \u00ee\u0219i pot lua r\u0103mas bun de la el \u00eentre orele 10:00 \u0219i 20:00. \u00cenmorm\u00e2ntarea va avea loc vineri, cu un cortegiu funerar ce se va \u00eendrepta c\u0103tre Biserica Sf\u00e2ntul Elefterie, unde slujba va \u00eencepe la ora 10:00. Ultima etap\u0103 va avea loc la <a style=\"color: #0000ff\" href=\"https:\/\/www.mediafax.ro\/stirile-zilei\/ultimul-drum-al-lui-mircea-lucescu-antrenorul-va-fi-inmormantat-cu-onoruri-militare-la-cimitirul-bellu-23716952\">Cimitirul Bellu<\/a>, la ora 12:20, iar \u00eenmorm\u00e2ntarea, \u00eencep\u00e2nd cu 13:10, va fi marcat\u0103 de onoruri militare, av\u00e2nd loc doar cu participarea familiei \u0219i a invita\u021bilor apropia\u021bi.<\/p>\n","protected":false},"excerpt":{"rendered":"<p>Fostul pre\u0219edinte al Rom\u00e2niei, Traian B\u0103sescu, a sosit joi la Arena Na\u021bional\u0103 pentru a-i aduce un ultim omagiu legendarului selec\u021bioner Mircea Lucescu. \u00cen timpul vizitei, el a avut o \u00eent\u00e2lnire scurt\u0103 cu R\u0103zvan Lucescu, fiul antrenorului, \u00een apropierea catafalcului. \u201eN-am de spus dec\u00e2t un singur lucru. Respect pentru Mircea Lucescu. A avut o via\u021b\u0103 dedicat\u0103 [&hellip;]<\/p>\n","protected":false},"author":6,"featured_media":12911,"comment_status":"open","ping_status":"open","sticky":false,"template":"","format":"standard","meta":{"jnews-multi-image_gallery":[],"jnews_single_post":[],"jnews_primary_category":[],"jnews_override_counter":[],"footnotes":""},"categories":[46],"tags":[14569,1044,812,980,2528,2076,1331,310],"class_list":["post-12910","post","type-post","status-publish","format-standard","has-post-thumbnail","hentry","category-sport","tag-arena-nationala","tag-ciprian-ciucu","tag-familie","tag-fotbal-romanesc","tag-mircea-lucescu","tag-omagiu","tag-razvan-lucescu","tag-traian-basescu"],"_links":{"self":[{"href":"https:\/\/www.newsrecorder.ro\/app\/wp-json\/wp\/v2\/posts\/12910","targetHints":{"allow":["GET"]}}],"collection":[{"href":"https:\/\/www.newsrecorder.ro\/app\/wp-json\/wp\/v2\/posts"}],"about":[{"href":"https:\/\/www.newsrecorder.ro\/app\/wp-json\/wp\/v2\/types\/post"}],"author":[{"embeddable":true,"href":"https:\/\/www.newsrecorder.ro\/app\/wp-json\/wp\/v2\/users\/6"}],"replies":[{"embeddable":true,"href":"https:\/\/www.newsrecorder.ro\/app\/wp-json\/wp\/v2\/comments?post=12910"}],"version-history":[{"count":0,"href":"https:\/\/www.newsrecorder.ro\/app\/wp-json\/wp\/v2\/posts\/12910\/revisions"}],"wp:featuredmedia":[{"embeddable":true,"href":"https:\/\/www.newsrecorder.ro\/app\/wp-json\/wp\/v2\/media\/12911"}],"wp:attachment":[{"href":"https:\/\/www.newsrecorder.ro\/app\/wp-json\/wp\/v2\/media?parent=12910"}],"wp:term":[{"taxonomy":"category","embeddable":true,"href":"https:\/\/www.newsrecorder.ro\/app\/wp-json\/wp\/v2\/categories?post=12910"},{"taxonomy":"post_tag","embeddable":true,"href":"https:\/\/www.newsrecorder.ro\/app\/wp-json\/wp\/v2\/tags?post=12910"}],"curies":[{"name":"wp","href":"https:\/\/api.w.org\/{rel}","templated":true}]}}