{"id":12914,"date":"2026-04-09T12:19:41","date_gmt":"2026-04-09T12:19:41","guid":{"rendered":"https:\/\/www.newsrecorder.ro\/app\/2026\/04\/09\/suporter-galatasaray-din-turcia-omagiu-emotionant-pentru-lucescu\/"},"modified":"2026-04-09T12:19:41","modified_gmt":"2026-04-09T12:19:41","slug":"suporter-galatasaray-din-turcia-omagiu-emotionant-pentru-lucescu","status":"publish","type":"post","link":"https:\/\/www.newsrecorder.ro\/app\/2026\/04\/09\/suporter-galatasaray-din-turcia-omagiu-emotionant-pentru-lucescu\/","title":{"rendered":"Suporter Galatasaray din Turcia, omagiu emo\u021bionant pentru Lucescu!"},"content":{"rendered":"<p>\u00d6zden Dalyan, un devotat suporter al echipei Galatasaray, a afirmat c\u0103 Mircea Lucescu r\u0103m\u00e2ne o personalitate deosebit de respectat\u0103 \u00een fotbalul turc, nu doar datorit\u0103 trofeelor c\u00e2\u0219tigate, ci \u0219i datorit\u0103 comportamentului s\u0103u exemplar. \u201ePentru noi, c\u00e2\u0219tigarea Supercupei cu Galatasaray reprezint\u0103 o realizare semnificativ\u0103. Este o parte esen\u021bial\u0103 din istoria clubului\u201d, a declarat el.<\/p>\n<p>Dalyan a subliniat aprecierea pe care Mircea Lucescu o avea din partea fanilor tuturor echipelor importante din Turcia. \u201eEste o raritate \u00een Turcia ca suporterii diverselor cluburi s\u0103 admire aceea\u0219i persoan\u0103. \u00cens\u0103 Mircea Lucescu era respectat de galeriile echipelor Fenerbahce, Be\u015fikta\u015f, Galatasaray \u0219i chiar Trabzon\u201d, a ad\u0103ugat suporterul. Acesta a men\u021bionat c\u0103 antrenorul rom\u00e2n era v\u0103zut ca un om civilizat \u0219i respectuos. \u201eA fost o persoan\u0103 extrem de respectuoas\u0103 \u0219i civilizat\u0103. A l\u0103sat o amintire foarte bun\u0103 \u00een Turcia\u201d, a mai spus Dalyan.<\/p>\n<p>Fanul a \u00eemp\u0103rt\u0103\u0219it, de asemenea, experien\u021be personale, povestind despre \u00eent\u00e2lnirile frecvente cu Mircea Lucescu \u00een aeroporturi, pe drumul spre meciurile echipei Galatasaray. \u201eNe \u00eent\u00e2lneam adesea la aeroport \u0219i uneori c\u0103l\u0103toream cu acela\u0219i avion. Discutam despre meciuri, iar de multe ori ceea ce spunea el despre joc se \u00eent\u00e2mpla\u201d, a relatat acesta. Dalyan a transmis un mesaj de condolean\u021be, spun\u00e2nd: \u201e\u00cemi pare foarte r\u0103u. Dumnezeu s\u0103-l ierte. \u00cemi pare r\u0103u \u0219i pentru Rom\u00e2nia\u201d, a declarat \u00d6zden Dalyan, prezent la <a href=\"https:\/\/www.mediafax.ro\/politic\/premierul-ilie-bolojan-la-arena-nationala-ii-aduce-un-ultim-omagiu-lui-mircea-lucescu-23717510\" target=\"_blank\" rel=\"noopener\">ceremonia organizat\u0103 \u00een memoria antrenorului rom\u00e2n<\/a>.<\/p>\n","protected":false},"excerpt":{"rendered":"<p>\u00d6zden Dalyan, un devotat suporter al echipei Galatasaray, a afirmat c\u0103 Mircea Lucescu r\u0103m\u00e2ne o personalitate deosebit de respectat\u0103 \u00een fotbalul turc, nu doar datorit\u0103 trofeelor c\u00e2\u0219tigate, ci \u0219i datorit\u0103 comportamentului s\u0103u exemplar. \u201ePentru noi, c\u00e2\u0219tigarea Supercupei cu Galatasaray reprezint\u0103 o realizare semnificativ\u0103. Este o parte esen\u021bial\u0103 din istoria clubului\u201d, a declarat el. Dalyan a [&hellip;]<\/p>\n","protected":false},"author":6,"featured_media":12915,"comment_status":"open","ping_status":"open","sticky":false,"template":"","format":"standard","meta":{"jnews-multi-image_gallery":[],"jnews_single_post":[],"jnews_primary_category":[],"jnews_override_counter":[],"footnotes":""},"categories":[46],"tags":[15716,15511,5668,15715,2528,1048,1585,87],"class_list":["post-12914","post","type-post","status-publish","format-standard","has-post-thumbnail","hentry","category-sport","tag-antrenor-roman","tag-fotbal-turc","tag-galatasaray","tag-istoria-clubului","tag-mircea-lucescu","tag-respect","tag-supercupa","tag-suporteri"],"_links":{"self":[{"href":"https:\/\/www.newsrecorder.ro\/app\/wp-json\/wp\/v2\/posts\/12914","targetHints":{"allow":["GET"]}}],"collection":[{"href":"https:\/\/www.newsrecorder.ro\/app\/wp-json\/wp\/v2\/posts"}],"about":[{"href":"https:\/\/www.newsrecorder.ro\/app\/wp-json\/wp\/v2\/types\/post"}],"author":[{"embeddable":true,"href":"https:\/\/www.newsrecorder.ro\/app\/wp-json\/wp\/v2\/users\/6"}],"replies":[{"embeddable":true,"href":"https:\/\/www.newsrecorder.ro\/app\/wp-json\/wp\/v2\/comments?post=12914"}],"version-history":[{"count":0,"href":"https:\/\/www.newsrecorder.ro\/app\/wp-json\/wp\/v2\/posts\/12914\/revisions"}],"wp:featuredmedia":[{"embeddable":true,"href":"https:\/\/www.newsrecorder.ro\/app\/wp-json\/wp\/v2\/media\/12915"}],"wp:attachment":[{"href":"https:\/\/www.newsrecorder.ro\/app\/wp-json\/wp\/v2\/media?parent=12914"}],"wp:term":[{"taxonomy":"category","embeddable":true,"href":"https:\/\/www.newsrecorder.ro\/app\/wp-json\/wp\/v2\/categories?post=12914"},{"taxonomy":"post_tag","embeddable":true,"href":"https:\/\/www.newsrecorder.ro\/app\/wp-json\/wp\/v2\/tags?post=12914"}],"curies":[{"name":"wp","href":"https:\/\/api.w.org\/{rel}","templated":true}]}}