{"id":12918,"date":"2026-04-09T12:20:20","date_gmt":"2026-04-09T12:20:20","guid":{"rendered":"https:\/\/www.newsrecorder.ro\/app\/2026\/04\/09\/o-ultima-adio-pentru-mircea-lucescu-fanii-se-pot-inclina-joi-la-arena-nationala\/"},"modified":"2026-04-09T12:20:20","modified_gmt":"2026-04-09T12:20:20","slug":"o-ultima-adio-pentru-mircea-lucescu-fanii-se-pot-inclina-joi-la-arena-nationala","status":"publish","type":"post","link":"https:\/\/www.newsrecorder.ro\/app\/2026\/04\/09\/o-ultima-adio-pentru-mircea-lucescu-fanii-se-pot-inclina-joi-la-arena-nationala\/","title":{"rendered":"O ultim\u0103 adio pentru Mircea Lucescu: Fanii se pot \u00eenclina joi la Arena Na\u021bional\u0103"},"content":{"rendered":"<p>Fanii lui Mircea Lucescu au ocazia s\u0103 \u00eei aduc\u0103 un ultim omagiu joi, la Arena Na\u021bional\u0103, unde sicriul acestuia a fost adus \u00eenc\u0103 de miercuri. Ace\u0219tia \u00ee\u0219i pot lua r\u0103mas bun de la marele antrenor \u00eentre orele 10:00 \u0219i 20:00.<\/p>\n<p>Miercuri, \u00eencep\u00e2nd cu ora 17:00, sute de oameni s-au adunat la catafalcul lui Mircea Lucescu. Mari personalit\u0103\u021bi din sport, precum Simona Halep, Gheorghe Hagi \u0219i Elisabeta Lip\u0103, au depus coroane de flori \u00een memoria lui Lucescu. <a style=\"color: #0000ff\" href=\"https:\/\/www.mediafax.ro\/sport\/live-text-sicriul-cu-trupul-lui-mircea-lucescu-a-ajuns-la-arena-nationala-gica-hagi-ionut-lupescu-ambasadorul-turciei-la-catafalc-23717213\">Aceste gesturi de respect subliniaz\u0103 impactul uria\u0219 pe care l-a avut Lucescu \u00een lumea sportului.<\/a><\/p>\n<p>\u00cen ceea ce prive\u0219te ceremonia de \u00eenmorm\u00e2ntare, cortegiul funerar se va \u00eendrepta vineri c\u0103tre Biserica Sf\u00e2ntul Elefterie, unde slujba va \u00eencepe la ora 10:00. Ultima etap\u0103 a acestui trist eveniment se va desf\u0103\u0219ura la <a style=\"color: #0000ff\" href=\"https:\/\/www.mediafax.ro\/stirile-zilei\/ultimul-drum-al-lui-mircea-lucescu-antrenorul-va-fi-inmormantat-cu-onoruri-militare-la-cimitirul-bellu-23716952\">Cimitirul Bellu<\/a>, programat\u0103 pentru ora 12:20. \u00cenmorm\u00e2ntarea va avea loc la 13:10, fiind marcat\u0103 de onoruri militare. Accesul va fi restric\u021bionat la familie \u0219i invita\u021bi apropia\u021bi.<\/p>\n<p><a style=\"color: #0000ff\" href=\"https:\/\/www.mediafax.ro\/sport\/mircea-lucescu-a-murit-ora-decesului-2030-hagi-in-lacrimi-la-aflarea-vestii-presa-internationala-omagiu-pentru-mircea-lucescu-23715746\">Mircea Lucescu a trecut \u00een nefiin\u021b\u0103 mar\u021bi seara<\/a>, dup\u0103 ce a fost internat timp de mai bine de o s\u0103pt\u0103m\u00e2n\u0103 la Spitalul Universitar de Urgen\u021b\u0103 Bucure\u0219ti. Internarea a avut loc dup\u0103 ce a le\u0219inat \u00een timpul cantonamentului na\u021bionalei, \u00een cadrul unei \u0219edin\u021be tehnice premerg\u0103toare ultimului antrenament \u00eenainte de plecarea spre Slovacia.<\/p>\n","protected":false},"excerpt":{"rendered":"<p>Fanii lui Mircea Lucescu au ocazia s\u0103 \u00eei aduc\u0103 un ultim omagiu joi, la Arena Na\u021bional\u0103, unde sicriul acestuia a fost adus \u00eenc\u0103 de miercuri. Ace\u0219tia \u00ee\u0219i pot lua r\u0103mas bun de la marele antrenor \u00eentre orele 10:00 \u0219i 20:00. Miercuri, \u00eencep\u00e2nd cu ora 17:00, sute de oameni s-au adunat la catafalcul lui Mircea Lucescu. [&hellip;]<\/p>\n","protected":false},"author":6,"featured_media":12919,"comment_status":"open","ping_status":"open","sticky":false,"template":"","format":"standard","meta":{"jnews-multi-image_gallery":[],"jnews_single_post":[],"jnews_primary_category":[],"jnews_override_counter":[],"footnotes":""},"categories":[46],"tags":[14569,15718,9166,2528,2076,15719,7885,850],"class_list":["post-12918","post","type-post","status-publish","format-standard","has-post-thumbnail","hentry","category-sport","tag-arena-nationala","tag-coroane-de-flori","tag-inmormantare","tag-mircea-lucescu","tag-omagiu","tag-onoruri-militare","tag-personalitati","tag-sport"],"_links":{"self":[{"href":"https:\/\/www.newsrecorder.ro\/app\/wp-json\/wp\/v2\/posts\/12918","targetHints":{"allow":["GET"]}}],"collection":[{"href":"https:\/\/www.newsrecorder.ro\/app\/wp-json\/wp\/v2\/posts"}],"about":[{"href":"https:\/\/www.newsrecorder.ro\/app\/wp-json\/wp\/v2\/types\/post"}],"author":[{"embeddable":true,"href":"https:\/\/www.newsrecorder.ro\/app\/wp-json\/wp\/v2\/users\/6"}],"replies":[{"embeddable":true,"href":"https:\/\/www.newsrecorder.ro\/app\/wp-json\/wp\/v2\/comments?post=12918"}],"version-history":[{"count":0,"href":"https:\/\/www.newsrecorder.ro\/app\/wp-json\/wp\/v2\/posts\/12918\/revisions"}],"wp:featuredmedia":[{"embeddable":true,"href":"https:\/\/www.newsrecorder.ro\/app\/wp-json\/wp\/v2\/media\/12919"}],"wp:attachment":[{"href":"https:\/\/www.newsrecorder.ro\/app\/wp-json\/wp\/v2\/media?parent=12918"}],"wp:term":[{"taxonomy":"category","embeddable":true,"href":"https:\/\/www.newsrecorder.ro\/app\/wp-json\/wp\/v2\/categories?post=12918"},{"taxonomy":"post_tag","embeddable":true,"href":"https:\/\/www.newsrecorder.ro\/app\/wp-json\/wp\/v2\/tags?post=12918"}],"curies":[{"name":"wp","href":"https:\/\/api.w.org\/{rel}","templated":true}]}}