{"id":12944,"date":"2026-04-09T15:19:11","date_gmt":"2026-04-09T15:19:11","guid":{"rendered":"https:\/\/www.newsrecorder.ro\/app\/2026\/04\/09\/acuzatiile-de-abuz-eliminate-din-filmul-despre-michael-jackson-motivele-schimbarii\/"},"modified":"2026-04-09T15:19:11","modified_gmt":"2026-04-09T15:19:11","slug":"acuzatiile-de-abuz-eliminate-din-filmul-despre-michael-jackson-motivele-schimbarii","status":"publish","type":"post","link":"https:\/\/www.newsrecorder.ro\/app\/2026\/04\/09\/acuzatiile-de-abuz-eliminate-din-filmul-despre-michael-jackson-motivele-schimbarii\/","title":{"rendered":"Acuza\u021biile de abuz eliminate din filmul despre Michael Jackson: motivele schimb\u0103rii"},"content":{"rendered":"<p>Filmul \u201eMichael\u201d, dedicat legendei muzicii pop Michael Jackson, a fost supus unor am\u00e2n\u0103ri repetate, iar acum premiera este programat\u0103 pentru s\u0103pt\u0103m\u00e2na care \u00eencepe pe 22 aprilie 2026. Ini\u021bial, lansarea era planificat\u0103 pentru aprilie 2025, dar, conform publica\u021biei <a href=\"https:\/\/variety.com\/2026\/film\/news\/michael-movie-reshoots-removing-child-abuse-allegations-1236710221\/\" target=\"_blank\" rel=\"noopener\">Variety<\/a>, \u00eent\u00e2rzierile au fost cauzate de refacerea complet\u0103 a ultimei p\u0103r\u021bi a filmului, care a inclus eliminarea mai multor scene controversate.<\/p>\n<p>Un aspect esen\u021bial al modific\u0103rilor a fost \u0219tergerea scenelor care f\u0103ceau referire la acuza\u021biile de abuz sexual \u00eempotriva lui Michael Jackson, formulate \u00een anii \u201990. Scenariul ini\u021bial debuta cu o scen\u0103 plasat\u0103 \u00een 1993, anul \u00een care artistul a fost acuzat pentru prima dat\u0103 de abuz asupra minorului Jordan Chandler, \u00een v\u00e2rst\u0103 de 13 ani. Produc\u0103torii au realizat, \u00eens\u0103, c\u0103 un acord de \u00een\u021belegere cu familia Chandler con\u021binea o clauz\u0103 care interzicea men\u021bionarea cazului \u00een orice produc\u021bie cinematografic\u0103, ceea ce a determinat rescrierea complet\u0103 a finalului filmului.<\/p>\n<p>Film\u0103rile suplimentare, care au avut loc \u00een iunie anul trecut, au implicat reunirea actorilor pentru a filma noile scene, un proces care a durat aproximativ 22 de zile. Costurile ad\u0103ugate pentru aceste film\u0103ri sunt estimate \u00eentre 10 \u0219i 15 milioane de dolari, \u00een condi\u021biile \u00een care bugetul total al produc\u021biei era deja considerabil, \u00een jur de 155 de milioane de dolari. Cheltuielile suplimentare vor fi acoperite de organiza\u021bia care administreaz\u0103 patrimoniul \u0219i drepturile lui Michael Jackson, care este implicat\u0103 \u0219i \u00een produc\u021bia filmului. Dup\u0103 modific\u0103ri, filmul se va concentra pe perioada anterioar\u0103 acuza\u021biilor din anii \u201990, \u00eencheindu-se \u00een 1987, c\u00e2nd Michael Jackson se preg\u0103tea pentru turneul albumului \u201eBad\u201d. Unul dintre cele mai controversate aspecte ale vie\u021bii artistului, rela\u021bia sa tumultuoas\u0103 cu tat\u0103l s\u0103u, Joe Jackson, va fi de asemenea explorat\u0103. Rolul lui Michael Jackson este interpretat de Jaafar Jackson, nepotul artistului, iar Joe Jackson este jucat de actorul Colman Domingo.<\/p>\n<p>Michael Jackson a decedat \u00een 2009, \u00eentr-o perioad\u0103 \u00een care acuza\u021biile \u00eempotriva sa erau cunoscute dar discutate mai pu\u021bin public. \u00cen 2019, documentarul \u201eLeaving Neverland\u201d <a href=\"https:\/\/www.mediafax.ro\/externe\/procesele-intentate-lui-michael-jackson-pentru-abuzuri-sexuale-vor-fi-reluate-22095275\" target=\"_blank\" rel=\"noopener\">a readus subiectul \u00een aten\u021bia publicului<\/a>, prezent\u00e2nd m\u0103rturiile a doi b\u0103rba\u021bi care au sus\u021binut c\u0103 au fost abuza\u021bi de artist \u00een copil\u0103rie. Cu toate acestea, popularitatea muzicii lui Michael Jackson continu\u0103 s\u0103 fie ridicat\u0103, iar produc\u0103torii filmului se a\u0219teapt\u0103 la \u00eencas\u0103ri semnificative. Estim\u0103rile sugereaz\u0103 c\u0103 pelicula ar putea genera peste 55 de milioane de dolari \u00een primul weekend \u00een Statele Unite \u0219i aproximativ 700 de milioane de dolari la nivel global.<\/p>\n","protected":false},"excerpt":{"rendered":"<p>Filmul \u201eMichael\u201d, dedicat legendei muzicii pop Michael Jackson, a fost supus unor am\u00e2n\u0103ri repetate, iar acum premiera este programat\u0103 pentru s\u0103pt\u0103m\u00e2na care \u00eencepe pe 22 aprilie 2026. Ini\u021bial, lansarea era planificat\u0103 pentru aprilie 2025, dar, conform publica\u021biei Variety, \u00eent\u00e2rzierile au fost cauzate de refacerea complet\u0103 a ultimei p\u0103r\u021bi a filmului, care a inclus eliminarea mai [&hellip;]<\/p>\n","protected":false},"author":7,"featured_media":12945,"comment_status":"open","ping_status":"open","sticky":false,"template":"","format":"standard","meta":{"jnews-multi-image_gallery":[],"jnews_single_post":[],"jnews_primary_category":[],"jnews_override_counter":[],"footnotes":""},"categories":[43],"tags":[6595,15760,15762,15758,15759,13331,7435,15761],"class_list":["post-12944","post","type-post","status-publish","format-standard","has-post-thumbnail","hentry","category-cultura","tag-abuz-sexual","tag-amanari","tag-familia-chandler","tag-film-michael","tag-michael-jackson","tag-premiera","tag-productie-cinematografica","tag-scena-controversata"],"_links":{"self":[{"href":"https:\/\/www.newsrecorder.ro\/app\/wp-json\/wp\/v2\/posts\/12944","targetHints":{"allow":["GET"]}}],"collection":[{"href":"https:\/\/www.newsrecorder.ro\/app\/wp-json\/wp\/v2\/posts"}],"about":[{"href":"https:\/\/www.newsrecorder.ro\/app\/wp-json\/wp\/v2\/types\/post"}],"author":[{"embeddable":true,"href":"https:\/\/www.newsrecorder.ro\/app\/wp-json\/wp\/v2\/users\/7"}],"replies":[{"embeddable":true,"href":"https:\/\/www.newsrecorder.ro\/app\/wp-json\/wp\/v2\/comments?post=12944"}],"version-history":[{"count":0,"href":"https:\/\/www.newsrecorder.ro\/app\/wp-json\/wp\/v2\/posts\/12944\/revisions"}],"wp:featuredmedia":[{"embeddable":true,"href":"https:\/\/www.newsrecorder.ro\/app\/wp-json\/wp\/v2\/media\/12945"}],"wp:attachment":[{"href":"https:\/\/www.newsrecorder.ro\/app\/wp-json\/wp\/v2\/media?parent=12944"}],"wp:term":[{"taxonomy":"category","embeddable":true,"href":"https:\/\/www.newsrecorder.ro\/app\/wp-json\/wp\/v2\/categories?post=12944"},{"taxonomy":"post_tag","embeddable":true,"href":"https:\/\/www.newsrecorder.ro\/app\/wp-json\/wp\/v2\/tags?post=12944"}],"curies":[{"name":"wp","href":"https:\/\/api.w.org\/{rel}","templated":true}]}}