{"id":12952,"date":"2026-04-09T15:20:34","date_gmt":"2026-04-09T15:20:34","guid":{"rendered":"https:\/\/www.newsrecorder.ro\/app\/2026\/04\/09\/romania-preia-portul-giurgiulesti-din-republica-moldova\/"},"modified":"2026-04-09T15:20:34","modified_gmt":"2026-04-09T15:20:34","slug":"romania-preia-portul-giurgiulesti-din-republica-moldova","status":"publish","type":"post","link":"https:\/\/www.newsrecorder.ro\/app\/2026\/04\/09\/romania-preia-portul-giurgiulesti-din-republica-moldova\/","title":{"rendered":"Rom\u00e2nia preia portul Giurgiule\u0219ti din Republica Moldova!"},"content":{"rendered":"<p>Recent, statul rom\u00e2n a decis s\u0103 aloce o sum\u0103 semnificativ\u0103 pentru achizi\u021bia integral\u0103 a ICS Danube Logistics SRL. Aceast\u0103 ac\u021biune are ca scop preluarea pachetului de ac\u021biuni de\u021binut \u00een prezent de Banca European\u0103 pentru Reconstruc\u021bie \u0219i Dezvoltare (BERD) \u00een Portul Interna\u021bional Liber Giurgiule\u0219ti, situat \u00een Republica Moldova, prin intermediul Companiei Na\u021bionale Administra\u021bia Porturilor Maritime (CNAPM) Constan\u021ba.<\/p>\n<p>Autorit\u0103\u021bile au confirmat c\u0103 toate procedurile guvernamentale \u0219i corporative necesare pentru realizarea acestei tranzac\u021bii sunt deja aprobate, ceea ce paveaz\u0103 drumul pentru o nou\u0103 etap\u0103 \u00een gestionarea portului.<\/p>\n<p>Ministrul Transporturilor, Ciprian \u0218erban, a eviden\u021biat importan\u021ba strategic\u0103 a acestei decizii, subliniind c\u0103 Portul Constan\u021ba va prelua administrarea Portului Interna\u021bional Liber Giurgiule\u0219ti, dup\u0103 finalizarea procesului \u00een curs ini\u021biat de BERD pentru g\u0103sirea unui investitor strategic.<\/p>\n<p>\u201eAceasta este o decizie de o relevan\u021b\u0103 major\u0103 pentru Rom\u00e2nia \u0219i pentru \u00eentreaga regiune a M\u0103rii Negre. Giurgiule\u0219ti reprezint\u0103 singurul port maritim-fluvial din Republica Moldova \u0219i un nod crucial la intersec\u021bia Dun\u0103rii cu Marea Neagr\u0103\u201d, a declarat ministrul, subliniind astfel importan\u021ba sa regional\u0103.<\/p>\n<p>Conform spuselor sale, integrarea Portului Giurgiule\u0219ti \u00eentr-o viziune comun\u0103 al\u0103turi de Portul Constan\u021ba va sprijini dezvoltarea coridorului logistic Dun\u0103re-Marea Neagr\u0103 \u0219i va contribui la crearea unei platforme regionale mai robuste pentru comer\u021b, tranzit \u0219i atragerea de investi\u021bii.<\/p>\n<p>Preluarea acestui activ portuar din Republica Moldova este perceput\u0103 de autorit\u0103\u021bi ca un pas strategic \u00een \u00eent\u0103rirea rolului Rom\u00e2niei \u00een regiune, av\u00e2nd poten\u021bialul de a extinde influen\u021ba logistic\u0103 a Portului Constan\u021ba \u00een zona M\u0103rii Negre.<\/p>\n<h2>Impact economic \u0219i geopolitic<\/h2>\n<p>Preluarea operatorului portuar reprezint\u0103 noi oportunit\u0103\u021bi comerciale pentru operatorii din Rom\u00e2nia \u0219i Republica Moldova, aduc\u00e2nd \u0219i un sprijin esen\u021bial pentru viitoarea reconstruc\u021bie a Ucrainei. Aceast\u0103 tranzac\u021bie \u00eent\u0103re\u0219te, de asemenea, parteneriatul strategic dintre cele dou\u0103 \u021b\u0103ri \u0219i stimuleaz\u0103 schimburile economice bilaterale.<\/p>\n<p>Portul Interna\u021bional Giurgiule\u0219ti joac\u0103 un rol esen\u021bial \u00een gestionarea a peste 70% din importurile \u0219i exporturile pe cale navigabil\u0103 ale Republicii Moldova, av\u00e2nd o importan\u021b\u0103 logistic\u0103 semnificativ\u0103. Situat la gurile Dun\u0103rii, aproape de grani\u021bele Rom\u00e2niei \u0219i Ucrainei, portul dispune de un terminal petrolier, terminale pentru cereale, facilit\u0103\u021bi pentru m\u0103rfuri generale \u0219i un parc de afaceri.<\/p>\n<p>Acest port, strategic plasat la gurile Dun\u0103rii, este capabil s\u0103 primeasc\u0103 at\u00e2t nave fluviale, c\u00e2t \u0219i nave maritime, av\u00e2nd o infrastructur\u0103 modern\u0103 care include un terminal petrolier, dou\u0103 terminale pentru cereale, un terminal destinat altor m\u0103rfuri \u0219i un parc de afaceri, ceea ce \u00eel face un punct crucial \u00een comer\u021bul regional.<\/p>\n","protected":false},"excerpt":{"rendered":"<p>Recent, statul rom\u00e2n a decis s\u0103 aloce o sum\u0103 semnificativ\u0103 pentru achizi\u021bia integral\u0103 a ICS Danube Logistics SRL. Aceast\u0103 ac\u021biune are ca scop preluarea pachetului de ac\u021biuni de\u021binut \u00een prezent de Banca European\u0103 pentru Reconstruc\u021bie \u0219i Dezvoltare (BERD) \u00een Portul Interna\u021bional Liber Giurgiule\u0219ti, situat \u00een Republica Moldova, prin intermediul Companiei Na\u021bionale Administra\u021bia Porturilor Maritime (CNAPM) [&hellip;]<\/p>\n","protected":false},"author":2,"featured_media":12953,"comment_status":"open","ping_status":"open","sticky":false,"template":"","format":"standard","meta":{"jnews-multi-image_gallery":[],"jnews_single_post":[],"jnews_primary_category":[],"jnews_override_counter":[],"footnotes":""},"categories":[42],"tags":[1663,15772,15771,15769,15770,15768,3672,3662],"class_list":["post-12952","post","type-post","status-publish","format-standard","has-post-thumbnail","hentry","category-politica","tag-achizitie","tag-administrare-portuara","tag-berd","tag-giurgiulesti","tag-ics-danube-logistics-srl","tag-portul-constanta","tag-transporturi","tag-tranzactie"],"_links":{"self":[{"href":"https:\/\/www.newsrecorder.ro\/app\/wp-json\/wp\/v2\/posts\/12952","targetHints":{"allow":["GET"]}}],"collection":[{"href":"https:\/\/www.newsrecorder.ro\/app\/wp-json\/wp\/v2\/posts"}],"about":[{"href":"https:\/\/www.newsrecorder.ro\/app\/wp-json\/wp\/v2\/types\/post"}],"author":[{"embeddable":true,"href":"https:\/\/www.newsrecorder.ro\/app\/wp-json\/wp\/v2\/users\/2"}],"replies":[{"embeddable":true,"href":"https:\/\/www.newsrecorder.ro\/app\/wp-json\/wp\/v2\/comments?post=12952"}],"version-history":[{"count":0,"href":"https:\/\/www.newsrecorder.ro\/app\/wp-json\/wp\/v2\/posts\/12952\/revisions"}],"wp:featuredmedia":[{"embeddable":true,"href":"https:\/\/www.newsrecorder.ro\/app\/wp-json\/wp\/v2\/media\/12953"}],"wp:attachment":[{"href":"https:\/\/www.newsrecorder.ro\/app\/wp-json\/wp\/v2\/media?parent=12952"}],"wp:term":[{"taxonomy":"category","embeddable":true,"href":"https:\/\/www.newsrecorder.ro\/app\/wp-json\/wp\/v2\/categories?post=12952"},{"taxonomy":"post_tag","embeddable":true,"href":"https:\/\/www.newsrecorder.ro\/app\/wp-json\/wp\/v2\/tags?post=12952"}],"curies":[{"name":"wp","href":"https:\/\/api.w.org\/{rel}","templated":true}]}}