{"id":12976,"date":"2026-04-09T22:04:03","date_gmt":"2026-04-09T22:04:03","guid":{"rendered":"https:\/\/www.newsrecorder.ro\/app\/2026\/04\/09\/decizia-surpriza-a-turciei-dupa-disparitia-lui-mircea-lucescu\/"},"modified":"2026-04-09T22:04:03","modified_gmt":"2026-04-09T22:04:03","slug":"decizia-surpriza-a-turciei-dupa-disparitia-lui-mircea-lucescu","status":"publish","type":"post","link":"https:\/\/www.newsrecorder.ro\/app\/2026\/04\/09\/decizia-surpriza-a-turciei-dupa-disparitia-lui-mircea-lucescu\/","title":{"rendered":"Decizia surpriz\u0103 a Turciei dup\u0103 dispari\u021bia lui Mircea Lucescu!"},"content":{"rendered":"<p>Federa\u021bia Turc\u0103 de Fotbal (TFF) a adus un omagiu emo\u021bionant lui Mircea Lucescu, dup\u0103 trecerea sa \u00een nefiin\u021b\u0103 mar\u021bi seara, la venerabila v\u00e2rst\u0103 de 80 de ani.<\/p>\n<p>\u00centr-un comunicat publicat pe platforma X, TFF a anun\u021bat c\u0103, \u00een semn de respect, se va \u021bine un minut de reculegere \u00eenaintea tuturor meciurilor din ligile profesioniste din Turcia, \u00een perioada 8-13 aprilie. Aceast\u0103 ini\u021biativ\u0103 subliniaz\u0103 impactul semnificativ pe care Lucescu l-a avut asupra fotbalului at\u00e2t \u00een Turcia, c\u00e2t \u0219i pe plan mondial.<\/p>\n<p>\u201e\u00cen memoria lui Mircea Lucescu, una dintre personalit\u0103\u021bile de marc\u0103 ale fotbalului turc \u0219i interna\u021bional, fost antrenor al echipei na\u021bionale A, precum \u0219i al cluburilor Galatasaray \u0219i Be\u015fikta\u0219, se va \u021bine reculegere timp de un minut \u00eenaintea tuturor meciurilor din Ligile Profesioniste care se vor desf\u0103\u0219ura \u00een perioada 8-13 aprilie. De asemenea, cluburile care doresc vor putea purta banderole negre,\u201d a transmis Federa\u021bia Turc\u0103 de Fotbal pe X.<\/p>\n<p dir=\"ltr\" lang=\"tr\">T\u00fcrk ve d\u00fcnya futbolunun de\u011ferli isimlerinden, A Mill\u00ee Tak\u0131m\u0131m\u0131z ile Galatasaray ve Be\u015fikta\u015f&#8217;\u0131n eski teknik direkt\u00f6r\u00fc Mircea Lucescu&#8217;nun vefat\u0131 nedeniyle 8-13 Nisan tarihleri aras\u0131nda oynanacak t\u00fcm Profesyonel Lig m\u00fcsabakalar\u0131 \u00f6ncesinde 1 dakikal\u0131k sayg\u0131 duru\u015funda bulunulacakt\u0131r.\u2026<\/p>\n<p>\u2014 TFF (@TFF_Org) <a href=\"https:\/\/twitter.com\/TFF_Org\/status\/2041800581950394672?ref_src=twsrc%5Etfw\">April 8, 2026<\/a><\/p>\n<p>Mircea Lucescu, cunoscut sub numele de \u201eIl Luce\u201d, a avut o carier\u0103 remarcabil\u0103 \u00een fotbalul turc, antren\u00e2nd echipe de renume precum Galatasaray Istanbul \u0219i Be\u015fikta\u0219 Istanbul, dar \u0219i echipa na\u021bional\u0103 a Turciei.<\/p>\n<p>Acesta a decedat pe 7 aprilie, la Spitalul Universitar de Urgen\u021b\u0103 Bucure\u0219ti, unde era internat de peste o s\u0103pt\u0103m\u00e2n\u0103. Lucescu a fost internat dup\u0103 ce a le\u0219inat \u00een timpul cantonamentului echipei na\u021bionale, \u00een cadrul unei \u0219edin\u021be tehnice \u00eenainte de ultimul antrenament, \u00eenainte de plecarea spre Slovacia.<\/p>\n<p><a href=\"https:\/\/www.mediafax.ro\/stirile-zilei\/ultimul-drum-al-lui-mircea-lucescu-antrenorul-va-fi-inmormantat-cu-onoruri-militare-la-cimitirul-bellu-23716952\">Ceremoniile funerare<\/a> \u00een cinstea sa vor avea loc \u00een urm\u0103toarele zile, incluz\u00e2nd un priveghi deschis publicului la Arena Na\u021bional\u0103, iar Mircea Lucescu va fi \u00eenmorm\u00e2ntat cu onoruri militare la Cimitirul Bellu.<\/p>\n","protected":false},"excerpt":{"rendered":"<p>Federa\u021bia Turc\u0103 de Fotbal (TFF) a adus un omagiu emo\u021bionant lui Mircea Lucescu, dup\u0103 trecerea sa \u00een nefiin\u021b\u0103 mar\u021bi seara, la venerabila v\u00e2rst\u0103 de 80 de ani. \u00centr-un comunicat publicat pe platforma X, TFF a anun\u021bat c\u0103, \u00een semn de respect, se va \u021bine un minut de reculegere \u00eenaintea tuturor meciurilor din ligile profesioniste din [&hellip;]<\/p>\n","protected":false},"author":6,"featured_media":12977,"comment_status":"open","ping_status":"open","sticky":false,"template":"","format":"standard","meta":{"jnews-multi-image_gallery":[],"jnews_single_post":[],"jnews_primary_category":[],"jnews_override_counter":[],"footnotes":""},"categories":[46],"tags":[15512,89,5668,15794,2528,2076,15513,2412],"class_list":["post-12976","post","type-post","status-publish","format-standard","has-post-thumbnail","hentry","category-sport","tag-federatia-turca-de-fotbal","tag-fotbal","tag-galatasaray","tag-ligile-profesioniste","tag-mircea-lucescu","tag-omagiu","tag-reculegere","tag-turcia"],"_links":{"self":[{"href":"https:\/\/www.newsrecorder.ro\/app\/wp-json\/wp\/v2\/posts\/12976","targetHints":{"allow":["GET"]}}],"collection":[{"href":"https:\/\/www.newsrecorder.ro\/app\/wp-json\/wp\/v2\/posts"}],"about":[{"href":"https:\/\/www.newsrecorder.ro\/app\/wp-json\/wp\/v2\/types\/post"}],"author":[{"embeddable":true,"href":"https:\/\/www.newsrecorder.ro\/app\/wp-json\/wp\/v2\/users\/6"}],"replies":[{"embeddable":true,"href":"https:\/\/www.newsrecorder.ro\/app\/wp-json\/wp\/v2\/comments?post=12976"}],"version-history":[{"count":0,"href":"https:\/\/www.newsrecorder.ro\/app\/wp-json\/wp\/v2\/posts\/12976\/revisions"}],"wp:featuredmedia":[{"embeddable":true,"href":"https:\/\/www.newsrecorder.ro\/app\/wp-json\/wp\/v2\/media\/12977"}],"wp:attachment":[{"href":"https:\/\/www.newsrecorder.ro\/app\/wp-json\/wp\/v2\/media?parent=12976"}],"wp:term":[{"taxonomy":"category","embeddable":true,"href":"https:\/\/www.newsrecorder.ro\/app\/wp-json\/wp\/v2\/categories?post=12976"},{"taxonomy":"post_tag","embeddable":true,"href":"https:\/\/www.newsrecorder.ro\/app\/wp-json\/wp\/v2\/tags?post=12976"}],"curies":[{"name":"wp","href":"https:\/\/api.w.org\/{rel}","templated":true}]}}