{"id":12987,"date":"2026-04-09T22:05:31","date_gmt":"2026-04-09T22:05:31","guid":{"rendered":"https:\/\/www.newsrecorder.ro\/app\/2026\/04\/09\/alerta-meteo-vant-puternic-si-ninsori-in-zonele-montane\/"},"modified":"2026-04-09T22:05:31","modified_gmt":"2026-04-09T22:05:31","slug":"alerta-meteo-vant-puternic-si-ninsori-in-zonele-montane","status":"publish","type":"post","link":"https:\/\/www.newsrecorder.ro\/app\/2026\/04\/09\/alerta-meteo-vant-puternic-si-ninsori-in-zonele-montane\/","title":{"rendered":"Alert\u0103 meteo: V\u00e2nt puternic \u0219i ninsori \u00een zonele montane!"},"content":{"rendered":"<p>Administra\u021bia Na\u021bional\u0103 de Meteorologie a emis mar\u021bi o informare meteorologic\u0103 important\u0103, valabil\u0103 \u00eentre <strong>7 aprilie<\/strong>, <strong>ora 10:00<\/strong> \u0219i <strong>10 aprilie<\/strong>, <strong>ora 10:00<\/strong>. Aceasta aduce cu sine intensific\u0103ri ale v\u00e2ntului, vreme rece \u0219i precipita\u021bii mixte. \u00cen zonele montane, sunt a\u0219teptate ninsori consistente, care vor forma un strat de z\u0103pad\u0103 \u0219i vor genera condi\u021bii de viscol. Cantit\u0103\u021bile de ap\u0103 se vor ridica local la 10-20 l\/mp.<\/p>\n<p>Meteorologii subliniaz\u0103 c\u0103 <strong>temporar vor fi intensific\u0103ri ale v\u00e2ntului \u00een majoritatea regiunilor<\/strong>, cu viteze cuprinse \u00eentre <strong>45 \u0219i 60 km\/h<\/strong>. La munte, rafalele de v\u00e2nt vor dep\u0103\u0219i <strong>80-90 km\/h<\/strong>.<\/p>\n<p>\u00cencep\u00e2nd din noaptea de 7 spre 8 aprilie, precipita\u021biile mixte vor afecta centrul, estul \u0219i sud-estul \u021b\u0103rii, iar \u00een Carpa\u021bii Meridionali \u0219i Orientali se va acumula un nou strat de z\u0103pad\u0103, local de <strong>10-15 cm<\/strong>, \u00eenso\u021bit de viscol puternic. Temperaturile vor sc\u0103dea treptat, iar vremea se va men\u021bine rece pentru aceast\u0103 perioad\u0103, cu posibilitatea form\u0103rii de brum\u0103 \u00een unele zone.<\/p>\n<p>De asemenea, Administra\u021bia Na\u021bional\u0103 de Meteorologie a emis o <strong>aten\u021bionare cod galben<\/strong> pentru intervalul <strong>7 aprilie<\/strong>, <strong>ora 10:00<\/strong> \u2013 <strong>7 aprilie<\/strong>, <strong>ora 21:00<\/strong>. Aceasta se refer\u0103 la intensific\u0103rile v\u00e2ntului ce vor afecta Transilvania, Oltenia, cea mai mare parte a Moldovei, local \u00een Maramure\u0219, sud-vestul \u0219i nord-estul Munteniei, precum \u0219i nordul Dobrogei \u0219i zonele montane. \u00cen aceste zone, viteza v\u00e2ntului va varia \u00eentre <strong>50 \u0219i 70 km\/h<\/strong>, iar \u00een zonele montane rafalele vor atinge valori de <strong>70-90 km\/h<\/strong>, dep\u0103\u0219ind <strong>100-120 km\/h<\/strong> la altitudini de peste <strong>1700 m<\/strong>.<\/p>\n<p>\u00cen acest context, meteorologii recomand\u0103 pruden\u021b\u0103 \u00een toate zonele vizate \u0219i respectarea indica\u021biilor autorit\u0103\u021bilor, \u00een special \u00een timpul deplas\u0103rilor \u0219i \u00een zonele montane expuse la condi\u021bii severe.<\/p>\n","protected":false},"excerpt":{"rendered":"<p>Administra\u021bia Na\u021bional\u0103 de Meteorologie a emis mar\u021bi o informare meteorologic\u0103 important\u0103, valabil\u0103 \u00eentre 7 aprilie, ora 10:00 \u0219i 10 aprilie, ora 10:00. Aceasta aduce cu sine intensific\u0103ri ale v\u00e2ntului, vreme rece \u0219i precipita\u021bii mixte. \u00cen zonele montane, sunt a\u0219teptate ninsori consistente, care vor forma un strat de z\u0103pad\u0103 \u0219i vor genera condi\u021bii de viscol. Cantit\u0103\u021bile [&hellip;]<\/p>\n","protected":false},"author":5,"featured_media":12988,"comment_status":"open","ping_status":"open","sticky":false,"template":"","format":"standard","meta":{"jnews-multi-image_gallery":[],"jnews_single_post":[],"jnews_primary_category":[],"jnews_override_counter":[],"footnotes":""},"categories":[45],"tags":[15797,1145,4028,127,195,137,1142,139],"class_list":["post-12987","post","type-post","status-publish","format-standard","has-post-thumbnail","hentry","category-meteo","tag-cantitati-de-apa","tag-carpati","tag-informare-meteorologica","tag-ninsori","tag-precipitatii-mixte","tag-vant","tag-viscol","tag-vreme-rece"],"_links":{"self":[{"href":"https:\/\/www.newsrecorder.ro\/app\/wp-json\/wp\/v2\/posts\/12987","targetHints":{"allow":["GET"]}}],"collection":[{"href":"https:\/\/www.newsrecorder.ro\/app\/wp-json\/wp\/v2\/posts"}],"about":[{"href":"https:\/\/www.newsrecorder.ro\/app\/wp-json\/wp\/v2\/types\/post"}],"author":[{"embeddable":true,"href":"https:\/\/www.newsrecorder.ro\/app\/wp-json\/wp\/v2\/users\/5"}],"replies":[{"embeddable":true,"href":"https:\/\/www.newsrecorder.ro\/app\/wp-json\/wp\/v2\/comments?post=12987"}],"version-history":[{"count":0,"href":"https:\/\/www.newsrecorder.ro\/app\/wp-json\/wp\/v2\/posts\/12987\/revisions"}],"wp:featuredmedia":[{"embeddable":true,"href":"https:\/\/www.newsrecorder.ro\/app\/wp-json\/wp\/v2\/media\/12988"}],"wp:attachment":[{"href":"https:\/\/www.newsrecorder.ro\/app\/wp-json\/wp\/v2\/media?parent=12987"}],"wp:term":[{"taxonomy":"category","embeddable":true,"href":"https:\/\/www.newsrecorder.ro\/app\/wp-json\/wp\/v2\/categories?post=12987"},{"taxonomy":"post_tag","embeddable":true,"href":"https:\/\/www.newsrecorder.ro\/app\/wp-json\/wp\/v2\/tags?post=12987"}],"curies":[{"name":"wp","href":"https:\/\/api.w.org\/{rel}","templated":true}]}}