{"id":12989,"date":"2026-04-09T22:05:50","date_gmt":"2026-04-09T22:05:50","guid":{"rendered":"https:\/\/www.newsrecorder.ro\/app\/2026\/04\/09\/primavara-revine-anm-dezvaluie-cand-ne-asteptam-la-temperaturi-blande\/"},"modified":"2026-04-09T22:05:50","modified_gmt":"2026-04-09T22:05:50","slug":"primavara-revine-anm-dezvaluie-cand-ne-asteptam-la-temperaturi-blande","status":"publish","type":"post","link":"https:\/\/www.newsrecorder.ro\/app\/2026\/04\/09\/primavara-revine-anm-dezvaluie-cand-ne-asteptam-la-temperaturi-blande\/","title":{"rendered":"Prim\u0103vara revine! ANM dezv\u0103luie c\u00e2nd ne a\u0219tept\u0103m la temperaturi bl\u00e2nde"},"content":{"rendered":"<p class=\"font-claude-response-body break-words whitespace-normal leading-[1.7]\"><a href=\"https:\/\/www.meteoromania.ro\/\" target=\"_blank\" rel=\"noopener\">Administra\u021bia Na\u021bional\u0103 de Meteorologie<\/a> a prezentat o actualizare a prognozei meteo pentru luna viitoare, oferind estim\u0103ri detaliate pentru patru s\u0103pt\u0103m\u00e2ni. Aceste previziuni sugereaz\u0103 o tranzi\u021bie gradual\u0103 a vremii, \u00eencep\u00e2nd cu temperaturi sc\u0103zute \u0219i culmin\u00e2nd cu valori mai apropiate de normalul prim\u0103verii.<\/p>\n<p class=\"font-claude-response-body break-words whitespace-normal leading-[1.7]\"><strong>S\u0103pt\u0103m\u00e2na 6\u201313 aprilie: cel mai rece interval<\/strong><\/p>\n<p class=\"font-claude-response-body break-words whitespace-normal leading-[1.7]\">\u00cen prima s\u0103pt\u0103m\u00e2n\u0103, ne a\u0219tept\u0103m la abateri termice <a href=\"https:\/\/www.mediafax.ro\/meteo\/anm-vremea-se-raceste-in-saptamana-mare-cod-galben-de-vant-in-peste-jumatate-de-tara-judetele-vizate-harta-23715618\">negative<\/a> pe \u00eentreg teritoriul Rom\u00e2niei. Regiunile montane \u0219i zona de nord-est vor sim\u021bi cel mai acut aceast\u0103 r\u0103coare. De asemenea, precipita\u021biile vor fi deficitare \u00een regiunile vestice, nord-vestice \u0219i centrale, \u00een timp ce \u00een celelalte zone ale \u021b\u0103rii, cantit\u0103\u021bile de precipita\u021bii vor fi aproape de normalul sezonier.<\/p>\n<p class=\"font-claude-response-body break-words whitespace-normal leading-[1.7]\"><strong>S\u0103pt\u0103m\u00e2na 13\u201320 aprilie: sudul, \u00een continuare sub temperaturi normale<\/strong><\/p>\n<p class=\"font-claude-response-body break-words whitespace-normal leading-[1.7]\">\u00cen aceast\u0103 s\u0103pt\u0103m\u00e2n\u0103, temperaturile vor r\u0103m\u00e2ne u\u0219or sub nivelul normal \u00een regiunile din sud \u0219i la munte. \u00cen restul \u021b\u0103rii, valorile termice vor fi \u00een general conforme cu standardele acestei perioade. Precipita\u021biile vor fi excedentare \u00een sud \u0219i sud-est, \u00een timp ce \u00een alte zone regimul pluviometric se va men\u021bine \u00een jurul valorilor normale.<\/p>\n<p class=\"font-claude-response-body break-words whitespace-normal leading-[1.7]\"><strong>S\u0103pt\u0103m\u00e2na 20\u201327 aprilie: se \u00eenc\u0103lze\u0219te \u00een zonele intracarpatice<\/strong><\/p>\n<p class=\"font-claude-response-body break-words whitespace-normal leading-[1.7]\">A treia s\u0103pt\u0103m\u00e2n\u0103 aduce o u\u0219oar\u0103 ameliorare a vremii, cu temperaturi medii \u00eenregistrate \u00een regiunile intracarpatice, care vor fi u\u0219or mai ridicate dec\u00e2t \u00een mod obi\u0219nuit. \u00cen restul \u021b\u0103rii, valorile termice vor corespunde normelor pentru aceast\u0103 perioad\u0103. Precipita\u021biile se vor men\u021bine \u00een jurul normalului \u00een majoritatea regiunilor.<\/p>\n<p class=\"font-claude-response-body break-words whitespace-normal leading-[1.7]\"><strong>S\u0103pt\u0103m\u00e2na 27 aprilie \u2013 4 mai: mai cald \u00een toat\u0103 \u021bara<\/strong><\/p>\n<p class=\"font-claude-response-body break-words whitespace-normal leading-[1.7]\">Ultima s\u0103pt\u0103m\u00e2n\u0103 a lunii aprilie va aduce o clar\u0103 schimbare fa\u021b\u0103 de \u00eenceputul acestei luni. Temperaturile medii vor dep\u0103\u0219i u\u0219or valorile normale pe \u00eentreg teritoriul Rom\u00e2niei, cu o accentuare a acestei tendin\u021be \u00een regiunile intracarpatice.<\/p>\n<p class=\"font-claude-response-body break-words whitespace-normal leading-[1.7]\">\u00cen ceea ce prive\u0219te precipita\u021biile, se preconizeaz\u0103 o tendin\u021b\u0103 u\u0219or deficitar\u0103 \u00een regiunile nordice, nord-estice \u0219i centrale, \u00een timp ce \u00een celelalte zone cantit\u0103\u021bile vor fi, \u00een general, apropiate de normal.<\/p>\n","protected":false},"excerpt":{"rendered":"<p>Administra\u021bia Na\u021bional\u0103 de Meteorologie a prezentat o actualizare a prognozei meteo pentru luna viitoare, oferind estim\u0103ri detaliate pentru patru s\u0103pt\u0103m\u00e2ni. Aceste previziuni sugereaz\u0103 o tranzi\u021bie gradual\u0103 a vremii, \u00eencep\u00e2nd cu temperaturi sc\u0103zute \u0219i culmin\u00e2nd cu valori mai apropiate de normalul prim\u0103verii. S\u0103pt\u0103m\u00e2na 6\u201313 aprilie: cel mai rece interval \u00cen prima s\u0103pt\u0103m\u00e2n\u0103, ne a\u0219tept\u0103m la abateri [&hellip;]<\/p>\n","protected":false},"author":5,"featured_media":12990,"comment_status":"open","ping_status":"open","sticky":false,"template":"","format":"standard","meta":{"jnews-multi-image_gallery":[],"jnews_single_post":[],"jnews_primary_category":[],"jnews_override_counter":[],"footnotes":""},"categories":[45],"tags":[146,1375,8439,141,8656,149,81,125],"class_list":["post-12989","post","type-post","status-publish","format-standard","has-post-thumbnail","hentry","category-meteo","tag-abateri-termice","tag-aprilie","tag-precipitatii-deficitare","tag-prognoza-meteo","tag-regiuni-montane","tag-romania","tag-temperaturi-scazute","tag-vreme"],"_links":{"self":[{"href":"https:\/\/www.newsrecorder.ro\/app\/wp-json\/wp\/v2\/posts\/12989","targetHints":{"allow":["GET"]}}],"collection":[{"href":"https:\/\/www.newsrecorder.ro\/app\/wp-json\/wp\/v2\/posts"}],"about":[{"href":"https:\/\/www.newsrecorder.ro\/app\/wp-json\/wp\/v2\/types\/post"}],"author":[{"embeddable":true,"href":"https:\/\/www.newsrecorder.ro\/app\/wp-json\/wp\/v2\/users\/5"}],"replies":[{"embeddable":true,"href":"https:\/\/www.newsrecorder.ro\/app\/wp-json\/wp\/v2\/comments?post=12989"}],"version-history":[{"count":0,"href":"https:\/\/www.newsrecorder.ro\/app\/wp-json\/wp\/v2\/posts\/12989\/revisions"}],"wp:featuredmedia":[{"embeddable":true,"href":"https:\/\/www.newsrecorder.ro\/app\/wp-json\/wp\/v2\/media\/12990"}],"wp:attachment":[{"href":"https:\/\/www.newsrecorder.ro\/app\/wp-json\/wp\/v2\/media?parent=12989"}],"wp:term":[{"taxonomy":"category","embeddable":true,"href":"https:\/\/www.newsrecorder.ro\/app\/wp-json\/wp\/v2\/categories?post=12989"},{"taxonomy":"post_tag","embeddable":true,"href":"https:\/\/www.newsrecorder.ro\/app\/wp-json\/wp\/v2\/tags?post=12989"}],"curies":[{"name":"wp","href":"https:\/\/api.w.org\/{rel}","templated":true}]}}