{"id":12991,"date":"2026-04-09T22:06:04","date_gmt":"2026-04-09T22:06:04","guid":{"rendered":"https:\/\/www.newsrecorder.ro\/app\/2026\/04\/09\/bucuresti-saptamana-patimilor-aduce-vreme-capricioasa-2\/"},"modified":"2026-04-09T22:06:04","modified_gmt":"2026-04-09T22:06:04","slug":"bucuresti-saptamana-patimilor-aduce-vreme-capricioasa-2","status":"publish","type":"post","link":"https:\/\/www.newsrecorder.ro\/app\/2026\/04\/09\/bucuresti-saptamana-patimilor-aduce-vreme-capricioasa-2\/","title":{"rendered":"Bucure\u0219ti: S\u0103pt\u0103m\u00e2na Patimilor aduce vreme capricioas\u0103!"},"content":{"rendered":"<p>Locuitorii Bucure\u0219tiului se preg\u0103tesc pentru o schimbare rapid\u0103 a vremii \u00een perioada 6-9 aprilie, conform prognozei furnizate de Administra\u021bia Na\u021bional\u0103 de Meteorologie.<\/p>\n<p>\u00cen prima zi a acestui interval, cunoscut\u0103 ca Lunea Mare, vremea se va men\u021bine pl\u0103cut\u0103, cu temperaturi care dep\u0103\u0219esc normalul sezonului. Cerul va fi senin pe parcursul zilei, dar se va transforma \u00eentr-unul variabil pe timpul nop\u021bii. V\u00e2ntul va sufla moderat, ating\u00e2nd viteze de p\u00e2n\u0103 la 40 km\/h. Temperaturile maxime vor varia \u00eentre 22 \u0219i 23 de grade, \u00een timp ce minimele se vor situa \u00eentre 7 \u0219i 9 grade.<\/p>\n<p>\u00cencep\u00e2nd cu 7 aprilie, mar\u021bi, se preconizeaz\u0103 o schimbare a condi\u021biilor meteorologice. Temperaturile vor sc\u0103dea, revenind la valori mai apropiate de media obi\u0219nuit\u0103 pentru aceast\u0103 perioad\u0103. Cerul va deveni temporar noros, iar spre sf\u00e2r\u0219itul intervalului este posibil s\u0103 apar\u0103 precipita\u021bii, predominant sub form\u0103 de ploaie, dar \u0219i cu posibile forme mixte, inclusiv lapovi\u021b\u0103 \u0219i ninsoare. Intensitatea v\u00e2ntului va r\u0103m\u00e2ne semnificativ\u0103, cu rafale ce pot atinge 45 km\/h. Maxima zilei se va \u00eenv\u00e2rti \u00een jurul a 18 grade, iar minima va cobor\u00ee \u00eentre 2 \u0219i 5 grade.<\/p>\n<p>Temperaturile vor continua s\u0103 scad\u0103 \u0219i \u00een intervalul 8-9 aprilie. Valorile diurne vor fi sub cele normale pentru aceast\u0103 perioad\u0103, iar cerul va fi predominant \u00eennorat, cu \u0219anse pentru ploi slabe. V\u00e2ntul va persista, cu intensific\u0103ri de p\u00e2n\u0103 la 45 km\/h. Maximele nu vor dep\u0103\u0219i 13-14 grade, iar minimele se vor apropia de 3 grade.<\/p>\n<p>Pe \u00eentreaga durat\u0103 a acestui interval, de la 6 aprilie, ora 10:00, p\u00e2n\u0103 pe 9 aprilie, ora 10:00, este \u00een vigoare o informare meteorologic\u0103 care avertizeaz\u0103 asupra intensific\u0103rilor v\u00e2ntului \u0219i a r\u0103cirii vremii. Autorit\u0103\u021bile locale subliniaz\u0103 c\u0103 situa\u021bia va fi monitorizat\u0103 constant, iar prognoza va fi actualizat\u0103 \u00een func\u021bie de evolu\u021bia fenomenelor, inclusiv prin emiterea de avertiz\u0103ri de tip nowcasting.<\/p>\n","protected":false},"excerpt":{"rendered":"<p>Locuitorii Bucure\u0219tiului se preg\u0103tesc pentru o schimbare rapid\u0103 a vremii \u00een perioada 6-9 aprilie, conform prognozei furnizate de Administra\u021bia Na\u021bional\u0103 de Meteorologie. \u00cen prima zi a acestui interval, cunoscut\u0103 ca Lunea Mare, vremea se va men\u021bine pl\u0103cut\u0103, cu temperaturi care dep\u0103\u0219esc normalul sezonului. Cerul va fi senin pe parcursul zilei, dar se va transforma \u00eentr-unul [&hellip;]<\/p>\n","protected":false},"author":5,"featured_media":12992,"comment_status":"open","ping_status":"open","sticky":false,"template":"","format":"standard","meta":{"jnews-multi-image_gallery":[],"jnews_single_post":[],"jnews_primary_category":[],"jnews_override_counter":[],"footnotes":""},"categories":[45],"tags":[362,15122,133,135,132,15121,126,125],"class_list":["post-12991","post","type-post","status-publish","format-standard","has-post-thumbnail","hentry","category-meteo","tag-bucuresti","tag-lunea-mare","tag-meteorologie","tag-precipitatii","tag-prognoza","tag-schimbare-vremii","tag-temperaturi","tag-vreme"],"_links":{"self":[{"href":"https:\/\/www.newsrecorder.ro\/app\/wp-json\/wp\/v2\/posts\/12991","targetHints":{"allow":["GET"]}}],"collection":[{"href":"https:\/\/www.newsrecorder.ro\/app\/wp-json\/wp\/v2\/posts"}],"about":[{"href":"https:\/\/www.newsrecorder.ro\/app\/wp-json\/wp\/v2\/types\/post"}],"author":[{"embeddable":true,"href":"https:\/\/www.newsrecorder.ro\/app\/wp-json\/wp\/v2\/users\/5"}],"replies":[{"embeddable":true,"href":"https:\/\/www.newsrecorder.ro\/app\/wp-json\/wp\/v2\/comments?post=12991"}],"version-history":[{"count":0,"href":"https:\/\/www.newsrecorder.ro\/app\/wp-json\/wp\/v2\/posts\/12991\/revisions"}],"wp:featuredmedia":[{"embeddable":true,"href":"https:\/\/www.newsrecorder.ro\/app\/wp-json\/wp\/v2\/media\/12992"}],"wp:attachment":[{"href":"https:\/\/www.newsrecorder.ro\/app\/wp-json\/wp\/v2\/media?parent=12991"}],"wp:term":[{"taxonomy":"category","embeddable":true,"href":"https:\/\/www.newsrecorder.ro\/app\/wp-json\/wp\/v2\/categories?post=12991"},{"taxonomy":"post_tag","embeddable":true,"href":"https:\/\/www.newsrecorder.ro\/app\/wp-json\/wp\/v2\/tags?post=12991"}],"curies":[{"name":"wp","href":"https:\/\/api.w.org\/{rel}","templated":true}]}}