{"id":12993,"date":"2026-04-09T22:06:17","date_gmt":"2026-04-09T22:06:17","guid":{"rendered":"https:\/\/www.newsrecorder.ro\/app\/2026\/04\/09\/racire-drastica-de-paste-cod-galben-de-vant-in-jumatate-din-tara\/"},"modified":"2026-04-09T22:06:17","modified_gmt":"2026-04-09T22:06:17","slug":"racire-drastica-de-paste-cod-galben-de-vant-in-jumatate-din-tara","status":"publish","type":"post","link":"https:\/\/www.newsrecorder.ro\/app\/2026\/04\/09\/racire-drastica-de-paste-cod-galben-de-vant-in-jumatate-din-tara\/","title":{"rendered":"R\u0103cire drastic\u0103 de Pa\u0219te: Cod galben de v\u00e2nt \u00een jum\u0103tate din \u021bar\u0103!"},"content":{"rendered":"<p>Administra\u021bia Na\u021bional\u0103 de Meteorologie (ANM) a emis o serie de avertiz\u0103ri Cod galben, semnal\u00e2nd intensific\u0103ri ale v\u00e2ntului ce vor afecta diverse regiuni ale \u021b\u0103rii, valabile \u00een zilele de luni \u0219i mar\u021bi.<\/p>\n<p><strong>Prima avertizare Cod galben<\/strong> va intra \u00een vigoare luni, \u00eencep\u00e2nd cu ora 12:00 \u0219i se va men\u021bine activ\u0103 p\u00e2n\u0103 la ora 21:00. \u00cen aceast\u0103 perioad\u0103, zonele Maramure\u0219, Transilvania, majoritatea Moldovei \u0219i nordul Cri\u0219anei vor experimenta intensific\u0103ri ale v\u00e2ntului, cu viteze cuprinse \u00eentre 50 \u0219i 70 km\/h. La altitudini montane, rafalele vor atinge viteze de 70 p\u00e2n\u0103 la 80 km\/h, iar \u00een zonele de peste 1700 m altitudine, v\u00e2ntul va putea dep\u0103\u0219i 90-100 km\/h.<\/p>\n<p>Dup\u0103 aceast\u0103 prim\u0103 perioad\u0103, un <strong>cod galben de v\u00e2nt<\/strong> va fi activ de luni, de la ora 21:00 p\u00e2n\u0103 mar\u021bi la ora 10:00, \u00een Carpa\u021bii Meridionali \u0219i Carpa\u021bii de Curbur\u0103. Aici, v\u00e2ntul va continua s\u0103 se intensifice, cu viteze cuprinse \u00eentre 70 \u0219i 80 km\/h, iar la altitudini de peste 1700 m, rafalele vor ajunge din nou la valori de 90-100 km\/h.<\/p>\n<p><strong>Al treilea cod galben<\/strong> va fi activ mar\u021bi, \u00eencep\u00e2nd cu ora 10:00 \u0219i p\u00e2n\u0103 la ora 21:00. \u00cen acest interval, regiunile Transilvania, Oltenia, Moldova, precum \u0219i local \u00een Maramure\u0219, sud-vestul \u0219i nord-estul Munteniei \u0219i nordul Dobrogei, se vor confrunta cu intensific\u0103ri ale v\u00e2ntului, cu viteze de 50-70 km\/h. La munte, rafalele vor varia \u00eentre 70 \u0219i 90 km\/h, iar \u00een zonele de peste 1700 m, v\u00e2ntul va dep\u0103\u0219i 100-120 km\/h.<\/p>\n<p>De asemenea, ANM a emis o informare meteo referitoare la vremea rece ce se va men\u021bine p\u00e2n\u0103 joi, 9 aprilie. \u00cen perioada 6-9 aprilie, se a\u0219teapt\u0103 intensific\u0103ri ale v\u00e2ntului \u00een majoritatea regiunilor, cu viteze medii de 45-60 km\/h, iar la munte, rafalele vor putea dep\u0103\u0219i 80-90 km\/h.<\/p>\n<p>\u00cencep\u00e2nd din noaptea de mar\u021bi spre miercuri (7\/8 aprilie), se vor \u00eenregistra precipita\u021bii mixte \u00een centrul, estul \u0219i sud-estul \u021b\u0103rii, cu ninsoare la munte. De asemenea, vremea va \u00eencepe s\u0103 se r\u0103ceasc\u0103, iar aceast\u0103 tendin\u021b\u0103 se va men\u021bine p\u00e2n\u0103 la \u00eenceputul s\u0103pt\u0103m\u00e2nii viitoare.<\/p>\n","protected":false},"excerpt":{"rendered":"<p>Administra\u021bia Na\u021bional\u0103 de Meteorologie (ANM) a emis o serie de avertiz\u0103ri Cod galben, semnal\u00e2nd intensific\u0103ri ale v\u00e2ntului ce vor afecta diverse regiuni ale \u021b\u0103rii, valabile \u00een zilele de luni \u0219i mar\u021bi. Prima avertizare Cod galben va intra \u00een vigoare luni, \u00eencep\u00e2nd cu ora 12:00 \u0219i se va men\u021bine activ\u0103 p\u00e2n\u0103 la ora 21:00. \u00cen aceast\u0103 [&hellip;]<\/p>\n","protected":false},"author":5,"featured_media":12994,"comment_status":"open","ping_status":"open","sticky":false,"template":"","format":"standard","meta":{"jnews-multi-image_gallery":[],"jnews_single_post":[],"jnews_primary_category":[],"jnews_override_counter":[],"footnotes":""},"categories":[45],"tags":[15123,1145,196,15371,15798,149,263,1560],"class_list":["post-12993","post","type-post","status-publish","format-standard","has-post-thumbnail","hentry","category-meteo","tag-avertizari-meteo","tag-carpati","tag-cod-galben","tag-maramures","tag-moldovea","tag-romania","tag-transilvania","tag-vant-intens"],"_links":{"self":[{"href":"https:\/\/www.newsrecorder.ro\/app\/wp-json\/wp\/v2\/posts\/12993","targetHints":{"allow":["GET"]}}],"collection":[{"href":"https:\/\/www.newsrecorder.ro\/app\/wp-json\/wp\/v2\/posts"}],"about":[{"href":"https:\/\/www.newsrecorder.ro\/app\/wp-json\/wp\/v2\/types\/post"}],"author":[{"embeddable":true,"href":"https:\/\/www.newsrecorder.ro\/app\/wp-json\/wp\/v2\/users\/5"}],"replies":[{"embeddable":true,"href":"https:\/\/www.newsrecorder.ro\/app\/wp-json\/wp\/v2\/comments?post=12993"}],"version-history":[{"count":0,"href":"https:\/\/www.newsrecorder.ro\/app\/wp-json\/wp\/v2\/posts\/12993\/revisions"}],"wp:featuredmedia":[{"embeddable":true,"href":"https:\/\/www.newsrecorder.ro\/app\/wp-json\/wp\/v2\/media\/12994"}],"wp:attachment":[{"href":"https:\/\/www.newsrecorder.ro\/app\/wp-json\/wp\/v2\/media?parent=12993"}],"wp:term":[{"taxonomy":"category","embeddable":true,"href":"https:\/\/www.newsrecorder.ro\/app\/wp-json\/wp\/v2\/categories?post=12993"},{"taxonomy":"post_tag","embeddable":true,"href":"https:\/\/www.newsrecorder.ro\/app\/wp-json\/wp\/v2\/tags?post=12993"}],"curies":[{"name":"wp","href":"https:\/\/api.w.org\/{rel}","templated":true}]}}