{"id":1303,"date":"2026-02-03T00:42:29","date_gmt":"2026-02-03T00:42:29","guid":{"rendered":"https:\/\/www.newsrecorder.ro\/app\/2026\/02\/03\/alcaraz-marele-absent-de-la-atp-500-rotterdam-si-a-pierdut-titlul\/"},"modified":"2026-02-03T00:42:29","modified_gmt":"2026-02-03T00:42:29","slug":"alcaraz-marele-absent-de-la-atp-500-rotterdam-si-a-pierdut-titlul","status":"publish","type":"post","link":"https:\/\/www.newsrecorder.ro\/app\/2026\/02\/03\/alcaraz-marele-absent-de-la-atp-500-rotterdam-si-a-pierdut-titlul\/","title":{"rendered":"Alcaraz, marele absent de la ATP 500 Rotterdam, \u0219i-a pierdut titlul!"},"content":{"rendered":"<p>Organizatorii turneului de la Rotterdam au anun\u021bat luni c\u0103 Carlos Alcaraz, campionul Australian Open, nu va participa la competi\u021bie. Dup\u0103 eforturile considerabile depuse \u00een ultimele dou\u0103 s\u0103pt\u0103m\u00e2ni, Alcaraz a decis c\u0103 are nevoie de mai mult timp pentru a se recupera. \u201e\u00cei dorim o recuperare rapid\u0103\u201d, au declarat ace\u0219tia.<\/p>\n<p>\u00cen weekend-ul trecut, Carlos Alcaraz, juc\u0103torul num\u0103rul 1 \u00een clasamentul ATP, a ob\u021binut o victorie remarcabil\u0103, \u00eenving\u00e2ndu-l pe Novak Djokovic \u00een finala Australian Open, dup\u0103 un meci intens care s-a desf\u0103\u0219urat pe parcursul a patru seturi.<\/p>\n<p>La doar 22 de ani, Alcaraz se poate l\u0103uda cu un impresionant palmares, av\u00e2nd \u00een prezent 7 titluri de Grand Slam \u0219i 15 titluri majore \u00een total. Acesta include, pe l\u00e2ng\u0103 succesele de la Grand Slam, \u0219i victorii la turnee de tip ATP Masters 1000, Nitto ATP Finals, precum \u0219i medalia de aur olimpic\u0103 la simplu.<\/p>\n<p>Prin c\u00e2\u0219tigarea titlului de la Australian Open, Alcaraz a reu\u0219it s\u0103-\u0219i completeze palmaresul, ob\u021bin\u00e2nd astfel singurul turneu de Grand Slam care \u00eei lipsea.<\/p>\n<p>\u00cen absen\u021ba sa, cap de serie num\u0103rul 1 la Rotterdam va fi germanul Alexander Zverev, clasat pe locul 4 \u00een ierarhia ATP. Printre al\u021bi favori\u021bi se num\u0103r\u0103 canadianul Felix Auger-Aliassime \u0219i australianul Alex de Minaur.<\/p>\n<p>Se a\u0219teapt\u0103 ca Alcaraz s\u0103 revin\u0103 \u00een competi\u021bii la turneul de la Doha, programat \u00eentre 16 \u0219i 22 februarie, un alt eveniment de categorie ATP 500.<\/p>\n","protected":false},"excerpt":{"rendered":"<p>Organizatorii turneului de la Rotterdam au anun\u021bat luni c\u0103 Carlos Alcaraz, campionul Australian Open, nu va participa la competi\u021bie. Dup\u0103 eforturile considerabile depuse \u00een ultimele dou\u0103 s\u0103pt\u0103m\u00e2ni, Alcaraz a decis c\u0103 are nevoie de mai mult timp pentru a se recupera. \u201e\u00cei dorim o recuperare rapid\u0103\u201d, au declarat ace\u0219tia. \u00cen weekend-ul trecut, Carlos Alcaraz, juc\u0103torul [&hellip;]<\/p>\n","protected":false},"author":6,"featured_media":1304,"comment_status":"open","ping_status":"open","sticky":false,"template":"","format":"standard","meta":{"jnews-multi-image_gallery":[],"jnews_single_post":[],"jnews_primary_category":[],"jnews_override_counter":[],"footnotes":""},"categories":[46],"tags":[66,327,332,2304,65,585,1433,2303],"class_list":["post-1303","post","type-post","status-publish","format-standard","has-post-thumbnail","hentry","category-sport","tag-australian-open","tag-carlos-alcaraz","tag-clasament-atp","tag-meci-intens","tag-novak-djokovic","tag-recuperare","tag-titluri-grand-slam","tag-turneu-rotterdam"],"_links":{"self":[{"href":"https:\/\/www.newsrecorder.ro\/app\/wp-json\/wp\/v2\/posts\/1303","targetHints":{"allow":["GET"]}}],"collection":[{"href":"https:\/\/www.newsrecorder.ro\/app\/wp-json\/wp\/v2\/posts"}],"about":[{"href":"https:\/\/www.newsrecorder.ro\/app\/wp-json\/wp\/v2\/types\/post"}],"author":[{"embeddable":true,"href":"https:\/\/www.newsrecorder.ro\/app\/wp-json\/wp\/v2\/users\/6"}],"replies":[{"embeddable":true,"href":"https:\/\/www.newsrecorder.ro\/app\/wp-json\/wp\/v2\/comments?post=1303"}],"version-history":[{"count":0,"href":"https:\/\/www.newsrecorder.ro\/app\/wp-json\/wp\/v2\/posts\/1303\/revisions"}],"wp:featuredmedia":[{"embeddable":true,"href":"https:\/\/www.newsrecorder.ro\/app\/wp-json\/wp\/v2\/media\/1304"}],"wp:attachment":[{"href":"https:\/\/www.newsrecorder.ro\/app\/wp-json\/wp\/v2\/media?parent=1303"}],"wp:term":[{"taxonomy":"category","embeddable":true,"href":"https:\/\/www.newsrecorder.ro\/app\/wp-json\/wp\/v2\/categories?post=1303"},{"taxonomy":"post_tag","embeddable":true,"href":"https:\/\/www.newsrecorder.ro\/app\/wp-json\/wp\/v2\/tags?post=1303"}],"curies":[{"name":"wp","href":"https:\/\/api.w.org\/{rel}","templated":true}]}}