{"id":13057,"date":"2026-04-10T00:42:21","date_gmt":"2026-04-10T00:42:21","guid":{"rendered":"https:\/\/www.newsrecorder.ro\/app\/2026\/04\/10\/tesla-lanseaza-un-suv-electric-compact-si-accesibil\/"},"modified":"2026-04-10T00:42:21","modified_gmt":"2026-04-10T00:42:21","slug":"tesla-lanseaza-un-suv-electric-compact-si-accesibil","status":"publish","type":"post","link":"https:\/\/www.newsrecorder.ro\/app\/2026\/04\/10\/tesla-lanseaza-un-suv-electric-compact-si-accesibil\/","title":{"rendered":"Tesla lanseaz\u0103 un SUV electric compact \u0219i accesibil!"},"content":{"rendered":"<p>Tesla a \u00eenceput, \u00een ultimele s\u0103pt\u0103m\u00e2ni, s\u0103 comunice cu mai mul\u021bi furnizori pentru a discuta detalii despre un nou SUV compact, care nu va fi o simpl\u0103 variant\u0103 a modelelor existente Model 3 sau Model Y, conform informa\u021biilor furnizate de <a href=\"https:\/\/www.reuters.com\/business\/autos-transportation\/tesla-is-developing-new-smaller-cheaper-ev-sources-say-2026-04-09\/\">Reuters<\/a>, cit\u00e2nd patru surse din interiorul companiei.<\/p>\n<p>Potrivit a trei dintre aceste surse, SUV-ul compact ar urma s\u0103 fie fabricat \u00een China, \u00een timp ce una dintre ele a men\u021bionat c\u0103 Tesla inten\u021bioneaz\u0103 s\u0103 extind\u0103 produc\u021bia \u0219i \u00een Statele Unite, dar \u0219i \u00een Europa.<\/p>\n<p>Dimensiunile acestui nou model sunt estimate la 4,28 metri lungime, o reducere semnificativ\u0103 comparativ cu Model Y, cel mai popular SUV al Tesla, care m\u0103soar\u0103 aproximativ 4,78 metri.<\/p>\n<p>Decizia de a dezvolta acest SUV compact vine dup\u0103 ce CEO-ul Elon Musk a hot\u0103r\u00e2t, \u00een 2024, s\u0103 abandoneze planurile pentru un vehicul electric accesibil \u0219i s\u0103 concentreze resursele companiei pe dezvoltarea robotaxiurilor \u0219i a robo\u021bilor umanoizi.<\/p>\n<p>Sursele men\u021bionate anterior au subliniat c\u0103 proiectul se afl\u0103 \u00eenc\u0103 \u00eentr-o etap\u0103 incipient\u0103 de dezvoltare, iar Reuters nu a reu\u0219it s\u0103 confirme dac\u0103 Tesla a dat deja und\u0103 verde pentru produc\u021bia de serie a acestui model.<\/p>\n<p>Se estimeaz\u0103 c\u0103 Tesla \u00ee\u0219i propune s\u0103 lanseze acest SUV la un pre\u021b semnificativ mai mic dec\u00e2t cel al Model 3, care porne\u0219te de la 34.000 de dolari \u00een China \u0219i aproximativ 37.000 de dolari \u00een Statele Unite. Reducerea costurilor se va realiza, printre altele, prin utilizarea unei baterii de dimensiuni mai mici, ceea ce va implica \u0219i o autonomie mai redus\u0103.<\/p>\n<p>Conform Reuters, noul SUV ar urma s\u0103 fie produs \u00een fabrica Tesla din Shanghai. De\u0219i calendarul pentru lansare r\u0103m\u00e2ne neclar, este pu\u021bin probabil ca produc\u021bia s\u0103 \u00eenceap\u0103 \u00een acest an.<\/p>\n","protected":false},"excerpt":{"rendered":"<p>Tesla a \u00eenceput, \u00een ultimele s\u0103pt\u0103m\u00e2ni, s\u0103 comunice cu mai mul\u021bi furnizori pentru a discuta detalii despre un nou SUV compact, care nu va fi o simpl\u0103 variant\u0103 a modelelor existente Model 3 sau Model Y, conform informa\u021biilor furnizate de Reuters, cit\u00e2nd patru surse din interiorul companiei. Potrivit a trei dintre aceste surse, SUV-ul compact [&hellip;]<\/p>\n","protected":false},"author":4,"featured_media":13058,"comment_status":"open","ping_status":"open","sticky":false,"template":"","format":"standard","meta":{"jnews-multi-image_gallery":[],"jnews_single_post":[],"jnews_primary_category":[],"jnews_override_counter":[],"footnotes":""},"categories":[40],"tags":[15841,393,15839,15840,14359,15838,4679,15842],"class_list":["post-13057","post","type-post","status-publish","format-standard","has-post-thumbnail","hentry","category-econonie","tag-dimensiuni-model","tag-elon-musk","tag-fabricatie-china","tag-productie-statele-unite","tag-robotaxiuri","tag-suv-compact","tag-tesla","tag-vehicul-electric"],"_links":{"self":[{"href":"https:\/\/www.newsrecorder.ro\/app\/wp-json\/wp\/v2\/posts\/13057","targetHints":{"allow":["GET"]}}],"collection":[{"href":"https:\/\/www.newsrecorder.ro\/app\/wp-json\/wp\/v2\/posts"}],"about":[{"href":"https:\/\/www.newsrecorder.ro\/app\/wp-json\/wp\/v2\/types\/post"}],"author":[{"embeddable":true,"href":"https:\/\/www.newsrecorder.ro\/app\/wp-json\/wp\/v2\/users\/4"}],"replies":[{"embeddable":true,"href":"https:\/\/www.newsrecorder.ro\/app\/wp-json\/wp\/v2\/comments?post=13057"}],"version-history":[{"count":0,"href":"https:\/\/www.newsrecorder.ro\/app\/wp-json\/wp\/v2\/posts\/13057\/revisions"}],"wp:featuredmedia":[{"embeddable":true,"href":"https:\/\/www.newsrecorder.ro\/app\/wp-json\/wp\/v2\/media\/13058"}],"wp:attachment":[{"href":"https:\/\/www.newsrecorder.ro\/app\/wp-json\/wp\/v2\/media?parent=13057"}],"wp:term":[{"taxonomy":"category","embeddable":true,"href":"https:\/\/www.newsrecorder.ro\/app\/wp-json\/wp\/v2\/categories?post=13057"},{"taxonomy":"post_tag","embeddable":true,"href":"https:\/\/www.newsrecorder.ro\/app\/wp-json\/wp\/v2\/tags?post=13057"}],"curies":[{"name":"wp","href":"https:\/\/api.w.org\/{rel}","templated":true}]}}