{"id":13065,"date":"2026-04-10T03:41:28","date_gmt":"2026-04-10T03:41:28","guid":{"rendered":"https:\/\/www.newsrecorder.ro\/app\/2026\/04\/10\/atentie-soferi-zapada-si-conditii-de-iarna-in-minivacanta-de-paste\/"},"modified":"2026-04-10T03:41:28","modified_gmt":"2026-04-10T03:41:28","slug":"atentie-soferi-zapada-si-conditii-de-iarna-in-minivacanta-de-paste","status":"publish","type":"post","link":"https:\/\/www.newsrecorder.ro\/app\/2026\/04\/10\/atentie-soferi-zapada-si-conditii-de-iarna-in-minivacanta-de-paste\/","title":{"rendered":"Aten\u021bie, \u0219oferi! Z\u0103pad\u0103 \u0219i condi\u021bii de iarn\u0103 \u00een minivacan\u021ba de Pa\u0219te!"},"content":{"rendered":"<p>Conform informa\u021biilor furnizate de Direc\u021bia Regional\u0103 de Drumuri \u0219i Poduri (DRDP) Bra\u0219ov, \u0219oferii care planific\u0103 s\u0103 c\u0103l\u0103toreasc\u0103 c\u0103tre munte \u00een minivacan\u021ba de Pa\u0219te trebuie s\u0103 se preg\u0103teasc\u0103 pentru condi\u021bii de iarn\u0103.<\/p>\n<p>\u00cen regiunile montane din centrul \u021b\u0103rii, ninsoarea abundent\u0103 continu\u0103 s\u0103 afecteze peisajul, iar turi\u0219tii se pot a\u0219tepta s\u0103 \u00eent\u00e2lneasc\u0103 o atmosfer\u0103 specific\u0103 sezonului rece \u00een orele urm\u0103toare.<\/p>\n<p>P\u00e2n\u0103 la momentul actualiz\u0103rii acestei \u0219tiri, echipele de desz\u0103pezire ac\u021bioneaz\u0103 pe toate drumurile na\u021bionale afectate de ninsoare.<\/p>\n<p>Autorit\u0103\u021bile rutiere fac un apel c\u0103tre \u0219oferi s\u0103 manifeste pruden\u021b\u0103 sporit\u0103 \u0219i s\u0103 \u00ee\u0219i adapteze viteza la condi\u021biile de trafic, pentru a asigura siguran\u021ba tuturor participan\u021bilor la trafic.<\/p>\n<p>&nbsp;<\/p>\n","protected":false},"excerpt":{"rendered":"<p>Conform informa\u021biilor furnizate de Direc\u021bia Regional\u0103 de Drumuri \u0219i Poduri (DRDP) Bra\u0219ov, \u0219oferii care planific\u0103 s\u0103 c\u0103l\u0103toreasc\u0103 c\u0103tre munte \u00een minivacan\u021ba de Pa\u0219te trebuie s\u0103 se preg\u0103teasc\u0103 pentru condi\u021bii de iarn\u0103. \u00cen regiunile montane din centrul \u021b\u0103rii, ninsoarea abundent\u0103 continu\u0103 s\u0103 afecteze peisajul, iar turi\u0219tii se pot a\u0219tepta s\u0103 \u00eent\u00e2lneasc\u0103 o atmosfer\u0103 specific\u0103 sezonului rece [&hellip;]<\/p>\n","protected":false},"author":5,"featured_media":13066,"comment_status":"open","ping_status":"open","sticky":false,"template":"","format":"standard","meta":{"jnews-multi-image_gallery":[],"jnews_single_post":[],"jnews_primary_category":[],"jnews_override_counter":[],"footnotes":""},"categories":[45],"tags":[15852,6097,2239,15851,6418,15854,15853,3972],"class_list":["post-13065","post","type-post","status-publish","format-standard","has-post-thumbnail","hentry","category-meteo","tag-autoritati-rutiere","tag-conditii-de-iarna","tag-deszapezire","tag-minivacanta-de-paste","tag-ninsoare-abundenta","tag-prudenta-sporita","tag-siguranta-traficului","tag-turisti"],"_links":{"self":[{"href":"https:\/\/www.newsrecorder.ro\/app\/wp-json\/wp\/v2\/posts\/13065","targetHints":{"allow":["GET"]}}],"collection":[{"href":"https:\/\/www.newsrecorder.ro\/app\/wp-json\/wp\/v2\/posts"}],"about":[{"href":"https:\/\/www.newsrecorder.ro\/app\/wp-json\/wp\/v2\/types\/post"}],"author":[{"embeddable":true,"href":"https:\/\/www.newsrecorder.ro\/app\/wp-json\/wp\/v2\/users\/5"}],"replies":[{"embeddable":true,"href":"https:\/\/www.newsrecorder.ro\/app\/wp-json\/wp\/v2\/comments?post=13065"}],"version-history":[{"count":0,"href":"https:\/\/www.newsrecorder.ro\/app\/wp-json\/wp\/v2\/posts\/13065\/revisions"}],"wp:featuredmedia":[{"embeddable":true,"href":"https:\/\/www.newsrecorder.ro\/app\/wp-json\/wp\/v2\/media\/13066"}],"wp:attachment":[{"href":"https:\/\/www.newsrecorder.ro\/app\/wp-json\/wp\/v2\/media?parent=13065"}],"wp:term":[{"taxonomy":"category","embeddable":true,"href":"https:\/\/www.newsrecorder.ro\/app\/wp-json\/wp\/v2\/categories?post=13065"},{"taxonomy":"post_tag","embeddable":true,"href":"https:\/\/www.newsrecorder.ro\/app\/wp-json\/wp\/v2\/tags?post=13065"}],"curies":[{"name":"wp","href":"https:\/\/api.w.org\/{rel}","templated":true}]}}