{"id":13073,"date":"2026-04-10T03:42:19","date_gmt":"2026-04-10T03:42:19","guid":{"rendered":"https:\/\/www.newsrecorder.ro\/app\/2026\/04\/10\/aur-domina-intentiile-de-vot-george-simion-liderul-preferat-al-romanilor\/"},"modified":"2026-04-10T03:42:19","modified_gmt":"2026-04-10T03:42:19","slug":"aur-domina-intentiile-de-vot-george-simion-liderul-preferat-al-romanilor","status":"publish","type":"post","link":"https:\/\/www.newsrecorder.ro\/app\/2026\/04\/10\/aur-domina-intentiile-de-vot-george-simion-liderul-preferat-al-romanilor\/","title":{"rendered":"AUR domin\u0103 inten\u021biile de vot, George Simion, liderul preferat al rom\u00e2nilor!"},"content":{"rendered":"<p>Conform celor mai recente date, <strong>AUR<\/strong> continu\u0103 s\u0103 conduc\u0103 \u00een inten\u021bia de vot a rom\u00e2nilor, av\u00e2nd un procentaj semnificativ. Pe locul al doilea, la egalitate, se afl\u0103 <strong>PSD<\/strong> \u0219i <strong>USR<\/strong>, fiecare cu c\u00e2te 18%. <strong>PNL<\/strong> urmeaz\u0103 cu 16%, iar <strong>UDMR<\/strong> se plaseaz\u0103 modest la 4%.<\/p>\n<p id=\"caption-attachment-23717957\" class=\"wp-caption-text\">AUR \u00ee\u0219i men\u021bine prima pozi\u021bie \u00een preferin\u021bele electoratului rom\u00e2n<\/p>\n<p>\u00cen ceea ce prive\u0219te \u00eencrederea \u00een liderii politici, <strong>George Simion<\/strong> se bucur\u0103 de un sprijin de 29% din partea popula\u021biei. Pe locul doi se afl\u0103 <strong>Diana \u0218o\u0219oac\u0103<\/strong>, cu 21%, iar pre\u0219edintele Rom\u00e2niei, <strong>Nicu\u0219or Dan<\/strong>, este apreciat de 19% dintre rom\u00e2ni.<\/p>\n<p>\u00cen continuare, pe lista liderilor de \u00eencredere, g\u0103sim membri ai <strong>PSD<\/strong> precum <strong>Sorin Grindeanu<\/strong> \u0219i <strong>Lia Olgu\u021ba Vasilescu<\/strong>, fiecare av\u00e2nd 18%, \u00een timp ce premierul \u0219i liderul <strong>PNL<\/strong>, <strong>Ilie Bolojan<\/strong>, se situeaz\u0103 la 17%.<\/p>\n<p id=\"caption-attachment-23717958\" class=\"wp-caption-text\">George Simion, liderul politic cu cea mai mare \u00eencredere, av\u00e2nd 29% din voturi<\/p>\n<p>Pe un alt nivel de \u00eencredere se afl\u0103 primarul Capitalei, <strong>Ciprian Ciucu<\/strong>, cu 13%, \u0219i <strong>C\u0103t\u0103lin Predoiu<\/strong>, care ob\u021bine 10%. Sub pragul de 10% mai sunt men\u021biona\u021bi <strong>Petri\u0219or Peiu<\/strong> \u0219i <strong>Dominic Fritz<\/strong>, fiecare cu c\u00e2te 9%, precum \u0219i <strong>Daniel B\u0103lu\u021b\u0103<\/strong>, <strong>Dan Dungaciu<\/strong> \u0219i <strong>Ana Maria Gavril\u0103<\/strong>, to\u021bi av\u00e2nd 8%. <strong>C\u0103t\u0103lin Drul\u0103<\/strong> este cotat la 7%.<\/p>\n<p>Clasamentul se \u00eencheie cu <strong>Claudiu Manda<\/strong> \u0219i <strong>Dan Motreanu<\/strong>, ambii av\u00e2nd un nivel de \u00eencredere de 3%.<\/p>\n<p>Sondajul a fost realizat pe un e\u0219antion reprezentativ na\u021bional format din 1.008 persoane, prin interviuri telefonice (metoda CATI), av\u00e2nd o marj\u0103 de eroare de \u00b13,2% \u0219i un nivel de \u00eencredere de 95%.<\/p>\n","protected":false},"excerpt":{"rendered":"<p>Conform celor mai recente date, AUR continu\u0103 s\u0103 conduc\u0103 \u00een inten\u021bia de vot a rom\u00e2nilor, av\u00e2nd un procentaj semnificativ. Pe locul al doilea, la egalitate, se afl\u0103 PSD \u0219i USR, fiecare cu c\u00e2te 18%. PNL urmeaz\u0103 cu 16%, iar UDMR se plaseaz\u0103 modest la 4%. AUR \u00ee\u0219i men\u021bine prima pozi\u021bie \u00een preferin\u021bele electoratului rom\u00e2n \u00cen [&hellip;]<\/p>\n","protected":false},"author":2,"featured_media":13074,"comment_status":"open","ping_status":"open","sticky":false,"template":"","format":"standard","meta":{"jnews-multi-image_gallery":[],"jnews_single_post":[],"jnews_primary_category":[],"jnews_override_counter":[],"footnotes":""},"categories":[42],"tags":[1916,2816,210,627,300,379,2823,2466],"class_list":["post-13073","post","type-post","status-publish","format-standard","has-post-thumbnail","hentry","category-politica","tag-aur","tag-george-simion","tag-incredere","tag-pnl","tag-psd","tag-udmr","tag-usr","tag-voturi"],"_links":{"self":[{"href":"https:\/\/www.newsrecorder.ro\/app\/wp-json\/wp\/v2\/posts\/13073","targetHints":{"allow":["GET"]}}],"collection":[{"href":"https:\/\/www.newsrecorder.ro\/app\/wp-json\/wp\/v2\/posts"}],"about":[{"href":"https:\/\/www.newsrecorder.ro\/app\/wp-json\/wp\/v2\/types\/post"}],"author":[{"embeddable":true,"href":"https:\/\/www.newsrecorder.ro\/app\/wp-json\/wp\/v2\/users\/2"}],"replies":[{"embeddable":true,"href":"https:\/\/www.newsrecorder.ro\/app\/wp-json\/wp\/v2\/comments?post=13073"}],"version-history":[{"count":0,"href":"https:\/\/www.newsrecorder.ro\/app\/wp-json\/wp\/v2\/posts\/13073\/revisions"}],"wp:featuredmedia":[{"embeddable":true,"href":"https:\/\/www.newsrecorder.ro\/app\/wp-json\/wp\/v2\/media\/13074"}],"wp:attachment":[{"href":"https:\/\/www.newsrecorder.ro\/app\/wp-json\/wp\/v2\/media?parent=13073"}],"wp:term":[{"taxonomy":"category","embeddable":true,"href":"https:\/\/www.newsrecorder.ro\/app\/wp-json\/wp\/v2\/categories?post=13073"},{"taxonomy":"post_tag","embeddable":true,"href":"https:\/\/www.newsrecorder.ro\/app\/wp-json\/wp\/v2\/tags?post=13073"}],"curies":[{"name":"wp","href":"https:\/\/api.w.org\/{rel}","templated":true}]}}