{"id":13089,"date":"2026-04-10T13:30:24","date_gmt":"2026-04-10T13:30:24","guid":{"rendered":"https:\/\/www.newsrecorder.ro\/app\/2026\/04\/10\/csm-oradea-campioana-a-sezonului-regular-in-liga-nationala-de-baschet\/"},"modified":"2026-04-10T13:30:24","modified_gmt":"2026-04-10T13:30:24","slug":"csm-oradea-campioana-a-sezonului-regular-in-liga-nationala-de-baschet","status":"publish","type":"post","link":"https:\/\/www.newsrecorder.ro\/app\/2026\/04\/10\/csm-oradea-campioana-a-sezonului-regular-in-liga-nationala-de-baschet\/","title":{"rendered":"CSM Oradea, Campioan\u0103 a Sezonului Regular \u00een Liga Na\u021bional\u0103 de Baschet!"},"content":{"rendered":"<p>CSM CSU Raiffeisen Oradea a ob\u021binut o victorie conving\u0103toare \u00eempotriva echipei CSM Gala\u021bi, cu un scor de 99-70, \u00een cadrul etapei a 30-a a sezonului regulat al Ligii Na\u021bionale de Baschet Masculin (LNBM). Meciul a avut loc \u00een avans, joi, la Oradea Arena.<\/p>\n<p>Cu aceast\u0103 victorie, echipa din Oradea \u00ee\u0219i asigur\u0103 un total de 22 de succese \u00een sezon, garant\u00e2ndu-\u0219i astfel prima pozi\u021bie la finalul sezonului regulat.<\/p>\n<p>Este important de men\u021bionat c\u0103 aceasta este a treia oar\u0103 c\u00e2nd CSM Oradea reu\u0219e\u0219te s\u0103 termine pe primul loc \u00een aceast\u0103 faz\u0103 a campionatului, replic\u00e2nd performan\u021bele din 2023 \u0219i 2025.<\/p>\n<p>Datorit\u0103 acestor rezultate remarcabile, CSM Oradea va beneficia de avantajul terenului propriu pe parcursul \u00eentregului play-off, indiferent de adversar.<\/p>\n<p>Antrenorul Cristian Achim a subliniat importan\u021ba acestei victorii, men\u021bion\u00e2nd: \u201eAveam nevoie de victorie s\u0103 ne securiz\u0103m primul loc la \u00eencheierea sezonului regulat. Am ob\u021binut-o. Prea multe nu sunt de spus. Era important s\u0103 c\u00e2\u0219tig\u0103m acest meci. Urmeaz\u0103 deplasarea la Bucure\u0219ti, pentru ultimul joc din sezonul regulat. \u00cent\u00e2lnim Dinamo, ocupanta locului 2. Vom \u00eencerca s\u0103 c\u00e2\u0219tig\u0103m.\u201d Aceste declara\u021bii au fost preluate de pe site-ul oficial al echipei.<\/p>\n<p>Ultimul meci al sezonului regulat pentru CSM Oradea este programat pentru mar\u021bi, 14 aprilie, \u00eencep\u00e2nd cu ora 19:00, \u00eempotriva echipei Dinamo Bucure\u0219ti.<\/p>\n","protected":false},"excerpt":{"rendered":"<p>CSM CSU Raiffeisen Oradea a ob\u021binut o victorie conving\u0103toare \u00eempotriva echipei CSM Gala\u021bi, cu un scor de 99-70, \u00een cadrul etapei a 30-a a sezonului regulat al Ligii Na\u021bionale de Baschet Masculin (LNBM). Meciul a avut loc \u00een avans, joi, la Oradea Arena. Cu aceast\u0103 victorie, echipa din Oradea \u00ee\u0219i asigur\u0103 un total de 22 [&hellip;]<\/p>\n","protected":false},"author":6,"featured_media":13090,"comment_status":"open","ping_status":"open","sticky":false,"template":"","format":"standard","meta":{"jnews-multi-image_gallery":[],"jnews_single_post":[],"jnews_primary_category":[],"jnews_override_counter":[],"footnotes":""},"categories":[46],"tags":[3500,15879,3502,15880,1545,2753,1138,64],"class_list":["post-13089","post","type-post","status-publish","format-standard","has-post-thumbnail","hentry","category-sport","tag-cristian-achim","tag-csm-galati","tag-csm-oradea","tag-liga-nationala-baschet-masculin","tag-performante","tag-play-off","tag-sezon-regulat","tag-victorie"],"_links":{"self":[{"href":"https:\/\/www.newsrecorder.ro\/app\/wp-json\/wp\/v2\/posts\/13089","targetHints":{"allow":["GET"]}}],"collection":[{"href":"https:\/\/www.newsrecorder.ro\/app\/wp-json\/wp\/v2\/posts"}],"about":[{"href":"https:\/\/www.newsrecorder.ro\/app\/wp-json\/wp\/v2\/types\/post"}],"author":[{"embeddable":true,"href":"https:\/\/www.newsrecorder.ro\/app\/wp-json\/wp\/v2\/users\/6"}],"replies":[{"embeddable":true,"href":"https:\/\/www.newsrecorder.ro\/app\/wp-json\/wp\/v2\/comments?post=13089"}],"version-history":[{"count":0,"href":"https:\/\/www.newsrecorder.ro\/app\/wp-json\/wp\/v2\/posts\/13089\/revisions"}],"wp:featuredmedia":[{"embeddable":true,"href":"https:\/\/www.newsrecorder.ro\/app\/wp-json\/wp\/v2\/media\/13090"}],"wp:attachment":[{"href":"https:\/\/www.newsrecorder.ro\/app\/wp-json\/wp\/v2\/media?parent=13089"}],"wp:term":[{"taxonomy":"category","embeddable":true,"href":"https:\/\/www.newsrecorder.ro\/app\/wp-json\/wp\/v2\/categories?post=13089"},{"taxonomy":"post_tag","embeddable":true,"href":"https:\/\/www.newsrecorder.ro\/app\/wp-json\/wp\/v2\/tags?post=13089"}],"curies":[{"name":"wp","href":"https:\/\/api.w.org\/{rel}","templated":true}]}}