{"id":13101,"date":"2026-04-10T14:19:08","date_gmt":"2026-04-10T14:19:08","guid":{"rendered":"https:\/\/www.newsrecorder.ro\/app\/2026\/04\/10\/u-bt-cluj-se-duelaza-cu-steaua-rosie-belgrad-de-paste\/"},"modified":"2026-04-10T14:19:08","modified_gmt":"2026-04-10T14:19:08","slug":"u-bt-cluj-se-duelaza-cu-steaua-rosie-belgrad-de-paste","status":"publish","type":"post","link":"https:\/\/www.newsrecorder.ro\/app\/2026\/04\/10\/u-bt-cluj-se-duelaza-cu-steaua-rosie-belgrad-de-paste\/","title":{"rendered":"U-BT Cluj se duelaz\u0103 cu Steaua Ro\u0219ie Belgrad de Pa\u0219te!"},"content":{"rendered":"<p>Campioana Rom\u00e2niei se preg\u0103te\u0219te pentru ultima deplasare din faza Top 8 a Ligii Adriatice, unde va \u00eenfrunta Steaua Ro\u0219ie Belgrad, una dintre echipele de frunte ale baschetului s\u00e2rbs \u0219i participant\u0103 constant\u0103 \u00een Eurolig\u0103.<\/p>\n<p>Meciul este programat pentru a doua zi de Pa\u0219te, luni, 13 aprilie, \u00eencep\u00e2nd cu ora 19:00, \u00een prestigioasa Sala \u201ePionir\u201d.<\/p>\n<p>Partida va \u00eencepe cu un moment solemn de reculegere \u00een memoria legendarului Du\u0161ko Vujo\u0161evi\u0107, antrenor care a condus at\u00e2t U-Banca Transilvania, \u00eentre 2019-2021, c\u00e2t \u0219i Steaua Ro\u0219ie \u00een sezonul 1991-1992.<\/p>\n<p>Conform informa\u021biilor furnizate de site-ul oficial al U-BT Cluj-Napoca, Steaua Ro\u0219ie Belgrad are o istorie impresionant\u0103 de 81 de ani, \u00een care a c\u00e2\u0219tigat de 24 de ori titlul \u00een campionatul intern. De asemenea, clubul din Belgrad se m\u00e2ndre\u0219te cu 15 Cupe, 7 titluri \u00een Liga Adriatic\u0103 \u0219i c\u00e2te o SuperCup\u0103 pe plan intern \u0219i regional. La nivel european, Steaua Ro\u0219ie a ob\u021binut trofeul FIBA Saporta Cup \u00een sezonul 1973-1974.<\/p>\n<p>Acest meci va fi cea de-a patra confruntare dintre cele dou\u0103 echipe. Dup\u0103 \u00eent\u00e2lnirile amicale din 2015 \u0219i 2022, U-BT \u0219i Steaua Ro\u0219ie s-au \u00eent\u00e2lnit recent \u00een turul Top 8-ului Ligii Adriatice, pe 8 martie 2026, c\u00e2nd s\u00e2rbi au c\u00e2\u0219tigat cu 97-85 \u00een BTarena.<\/p>\n<p>At\u00e2t U-BT, c\u00e2t \u0219i Steaua Ro\u0219ie se afl\u0103 \u00een apropierea unul de altul \u00een clasamentul Top 8. \u201eAlb-ro\u0219ii\u201d sunt pe locul 4, cu 17 victorii \u0219i 5 \u00eenfr\u00e2ngeri, \u00een timp ce \u201ealb-negrii\u201d ocup\u0103 pozi\u021bia a cincea, av\u00e2nd 13 victorii dup\u0103 22 de etape. Ambele echipe \u0219i-au asigurat calificarea \u00een Play-Off, \u00eens\u0103 rezultatele din ultimele dou\u0103 meciuri din Top 8 vor influen\u021ba \u00eemperecherile pentru faza final\u0103 a competi\u021biei.<\/p>\n<p>Ultima partid\u0103 a campioanei Rom\u00e2niei \u00een aceast\u0103 faz\u0103 a Ligii Adriatice va avea loc pe 19 aprilie, pe teren propriu, \u00eempotriva echipei Buducnost.<\/p>\n","protected":false},"excerpt":{"rendered":"<p>Campioana Rom\u00e2niei se preg\u0103te\u0219te pentru ultima deplasare din faza Top 8 a Ligii Adriatice, unde va \u00eenfrunta Steaua Ro\u0219ie Belgrad, una dintre echipele de frunte ale baschetului s\u00e2rbs \u0219i participant\u0103 constant\u0103 \u00een Eurolig\u0103. Meciul este programat pentru a doua zi de Pa\u0219te, luni, 13 aprilie, \u00eencep\u00e2nd cu ora 19:00, \u00een prestigioasa Sala \u201ePionir\u201d. Partida va [&hellip;]<\/p>\n","protected":false},"author":6,"featured_media":13102,"comment_status":"open","ping_status":"open","sticky":false,"template":"","format":"standard","meta":{"jnews-multi-image_gallery":[],"jnews_single_post":[],"jnews_primary_category":[],"jnews_override_counter":[],"footnotes":""},"categories":[46],"tags":[722,15893,1786,57,9541,15894,9744,4411],"class_list":["post-13101","post","type-post","status-publish","format-standard","has-post-thumbnail","hentry","category-sport","tag-baschet","tag-dusko-vujosevic","tag-liga-adriatica","tag-meci","tag-paste","tag-sala-pionir","tag-steaua-rosie-belgrad","tag-u-banca-transilvania"],"_links":{"self":[{"href":"https:\/\/www.newsrecorder.ro\/app\/wp-json\/wp\/v2\/posts\/13101","targetHints":{"allow":["GET"]}}],"collection":[{"href":"https:\/\/www.newsrecorder.ro\/app\/wp-json\/wp\/v2\/posts"}],"about":[{"href":"https:\/\/www.newsrecorder.ro\/app\/wp-json\/wp\/v2\/types\/post"}],"author":[{"embeddable":true,"href":"https:\/\/www.newsrecorder.ro\/app\/wp-json\/wp\/v2\/users\/6"}],"replies":[{"embeddable":true,"href":"https:\/\/www.newsrecorder.ro\/app\/wp-json\/wp\/v2\/comments?post=13101"}],"version-history":[{"count":0,"href":"https:\/\/www.newsrecorder.ro\/app\/wp-json\/wp\/v2\/posts\/13101\/revisions"}],"wp:featuredmedia":[{"embeddable":true,"href":"https:\/\/www.newsrecorder.ro\/app\/wp-json\/wp\/v2\/media\/13102"}],"wp:attachment":[{"href":"https:\/\/www.newsrecorder.ro\/app\/wp-json\/wp\/v2\/media?parent=13101"}],"wp:term":[{"taxonomy":"category","embeddable":true,"href":"https:\/\/www.newsrecorder.ro\/app\/wp-json\/wp\/v2\/categories?post=13101"},{"taxonomy":"post_tag","embeddable":true,"href":"https:\/\/www.newsrecorder.ro\/app\/wp-json\/wp\/v2\/tags?post=13101"}],"curies":[{"name":"wp","href":"https:\/\/api.w.org\/{rel}","templated":true}]}}