{"id":13121,"date":"2026-04-10T15:38:19","date_gmt":"2026-04-10T15:38:19","guid":{"rendered":"https:\/\/www.newsrecorder.ro\/app\/2026\/04\/10\/europa-pe-cale-de-a-suferi-o-criza-de-combustibil-pentru-avioane\/"},"modified":"2026-04-10T15:38:19","modified_gmt":"2026-04-10T15:38:19","slug":"europa-pe-cale-de-a-suferi-o-criza-de-combustibil-pentru-avioane","status":"publish","type":"post","link":"https:\/\/www.newsrecorder.ro\/app\/2026\/04\/10\/europa-pe-cale-de-a-suferi-o-criza-de-combustibil-pentru-avioane\/","title":{"rendered":"Europa pe cale de a suferi o criz\u0103 de combustibil pentru avioane!"},"content":{"rendered":"<p>\u00centr-o scrisoare recent\u0103 adresat\u0103 Comisiei Europene, Consiliul Interna\u021bional al Aeroporturilor \u2013 Europa (ACI Europe) a tras un semnal de alarm\u0103 cu privire la o posibil\u0103 criz\u0103 a combustibilului, care ar putea influen\u021ba profund economia european\u0103. Aceast\u0103 situa\u021bie ar intensifica efectele macroeconomice ale cre\u0219terii pre\u021burilor petrolului generate de conflictele din Orientul Mijlociu, conform informa\u021biilor furnizate de Reuters.<\/p>\n<p>\u201eDac\u0103 tranzitul prin Str\u00e2mtoarea Ormuz nu va fi reluat \u00eentr-un mod semnificativ \u0219i stabil \u00een urm\u0103toarele trei s\u0103pt\u0103m\u00e2ni, Uniunea European\u0103 risc\u0103 s\u0103 se confrunte cu o penurie sistemic\u0103 de combustibil pentru avioane\u201d, se men\u021bioneaz\u0103 \u00een scrisoare.<\/p>\n<p>\u00cen contextul apropiatei sezoane estivale, ACI Europe a subliniat c\u0103 transportul aerian joac\u0103 un rol crucial \u00een sus\u021binerea \u00eentregului ecosistem turistic, esen\u021bial pentru multe economii ale Uniunii Europene. Aceasta a amplificat temerile legate de disponibilitatea combustibilului.<\/p>\n<p>Un studiu realizat de ACI, bazat pe date din 2019, eviden\u021biaz\u0103 c\u0103 conectivitatea aerian\u0103 aduce anual o contribu\u021bie de 851 de miliarde de euro la PIB-ul economiilor europene \u0219i sprijin\u0103 aproximativ 14 milioane de locuri de munc\u0103. De asemenea, aeroporturile europene gestioneaz\u0103 26% din exporturile continentului, raportate dup\u0103 valoare.<\/p>\n<p>\u00cen scrisoarea adresat\u0103 Comisiei Europene, ACI Europe a solicitat o monitorizare atent\u0103 a aprovizion\u0103rii la nivelul \u00eentregii Uniuni, astfel \u00eenc\u00e2t industria s\u0103 \u00ee\u0219i poat\u0103 coordona r\u0103spunsul. \u201e\u00cen prezent, nu exist\u0103 la nivelul UE o cartografiere, evaluare \u0219i monitorizare a produc\u021biei \u0219i disponibilit\u0103\u021bii combustibilului pentru avioane\u201d, subliniaz\u0103 documentul.<\/p>\n<p>\u00cen ciuda anun\u021bului lui Donald Trump despre un armisti\u021biu de dou\u0103 s\u0103pt\u0103m\u00e2ni \u00een conflictul cu Iranul, pre\u021burile globale ale petrolului continu\u0103 s\u0103 r\u0103m\u00e2n\u0103 ridicate, ceea ce complic\u0103 \u0219i mai mult situa\u021bia economic\u0103.<\/p>\n","protected":false},"excerpt":{"rendered":"<p>\u00centr-o scrisoare recent\u0103 adresat\u0103 Comisiei Europene, Consiliul Interna\u021bional al Aeroporturilor \u2013 Europa (ACI Europe) a tras un semnal de alarm\u0103 cu privire la o posibil\u0103 criz\u0103 a combustibilului, care ar putea influen\u021ba profund economia european\u0103. Aceast\u0103 situa\u021bie ar intensifica efectele macroeconomice ale cre\u0219terii pre\u021burilor petrolului generate de conflictele din Orientul Mijlociu, conform informa\u021biilor furnizate de [&hellip;]<\/p>\n","protected":false},"author":4,"featured_media":13122,"comment_status":"open","ping_status":"open","sticky":false,"template":"","format":"standard","meta":{"jnews-multi-image_gallery":[],"jnews_single_post":[],"jnews_primary_category":[],"jnews_override_counter":[],"footnotes":""},"categories":[40],"tags":[15906,14467,15907,8943,15908,8772,4406,321],"class_list":["post-13121","post","type-post","status-publish","format-standard","has-post-thumbnail","hentry","category-econonie","tag-consiliul-international-al-aeroporturilor","tag-criza-combustibil","tag-economie-europeana","tag-preturi-petrol","tag-sezon-estival","tag-stramtoarea-ormuz","tag-transport-aerian","tag-uniunea-europeana"],"_links":{"self":[{"href":"https:\/\/www.newsrecorder.ro\/app\/wp-json\/wp\/v2\/posts\/13121","targetHints":{"allow":["GET"]}}],"collection":[{"href":"https:\/\/www.newsrecorder.ro\/app\/wp-json\/wp\/v2\/posts"}],"about":[{"href":"https:\/\/www.newsrecorder.ro\/app\/wp-json\/wp\/v2\/types\/post"}],"author":[{"embeddable":true,"href":"https:\/\/www.newsrecorder.ro\/app\/wp-json\/wp\/v2\/users\/4"}],"replies":[{"embeddable":true,"href":"https:\/\/www.newsrecorder.ro\/app\/wp-json\/wp\/v2\/comments?post=13121"}],"version-history":[{"count":0,"href":"https:\/\/www.newsrecorder.ro\/app\/wp-json\/wp\/v2\/posts\/13121\/revisions"}],"wp:featuredmedia":[{"embeddable":true,"href":"https:\/\/www.newsrecorder.ro\/app\/wp-json\/wp\/v2\/media\/13122"}],"wp:attachment":[{"href":"https:\/\/www.newsrecorder.ro\/app\/wp-json\/wp\/v2\/media?parent=13121"}],"wp:term":[{"taxonomy":"category","embeddable":true,"href":"https:\/\/www.newsrecorder.ro\/app\/wp-json\/wp\/v2\/categories?post=13121"},{"taxonomy":"post_tag","embeddable":true,"href":"https:\/\/www.newsrecorder.ro\/app\/wp-json\/wp\/v2\/tags?post=13121"}],"curies":[{"name":"wp","href":"https:\/\/api.w.org\/{rel}","templated":true}]}}