{"id":1313,"date":"2026-02-03T00:44:00","date_gmt":"2026-02-03T00:44:00","guid":{"rendered":"https:\/\/www.newsrecorder.ro\/app\/2026\/02\/03\/vreme-extrema-in-capitala-racire-si-ninsori-prognozate\/"},"modified":"2026-02-03T00:44:00","modified_gmt":"2026-02-03T00:44:00","slug":"vreme-extrema-in-capitala-racire-si-ninsori-prognozate","status":"publish","type":"post","link":"https:\/\/www.newsrecorder.ro\/app\/2026\/02\/03\/vreme-extrema-in-capitala-racire-si-ninsori-prognozate\/","title":{"rendered":"Vreme extrem\u0103 \u00een Capital\u0103: R\u0103cire \u0219i ninsori prognozate!"},"content":{"rendered":"<p>Luni, 2 februarie 2026, ne a\u0219tept\u0103m la vreme extrem de rece. \u00cen prima parte a zilei, cerul va fi predominant noros, iar pe alocuri se vor \u00eenregistra ninsori slabe, care vor conduce la formarea unui strat de z\u0103pad\u0103 de aproximativ 1-2 cm. V\u00e2ntul va sufla slab p\u00e2n\u0103 la moderat, cu rafale ce pot atinge 35-40 km\/h \u00een diminea\u021ba zilei. Temperaturile maxime vor oscila \u00een jurul valorii de \u20133\u00b0C, iar minimele se vor \u00eencadra \u00eentre \u201310\u00b0C \u0219i \u20138\u00b0C, conform informa\u021biilor furnizate de <a href=\"https:\/\/www.meteoromania.ro\/avertizari\/\" target=\"_blank\" rel=\"noopener\">ANM<\/a>.<\/p>\n<p>Noaptea dintre 1 \u0219i 2 februarie va aduce ninsori mai consistente, cu depuneri de z\u0103pad\u0103 cuprinse \u00eentre 6-9 cm, \u00een intervalul orar 22:40 (1 februarie) &#8211; 08:00 (2 februarie). V\u00e2ntul se va intensifica, ating\u00e2nd viteze de 35-45 km\/h, ceea ce va favoriza apari\u021bia viscolului \u0219i va accentua senza\u021bia de frig. Minima termic\u0103 a nop\u021bii va fi de \u20139\u00b0C.<\/p>\n<p>Mar\u021bi, 3 februarie 2026, vremea va r\u0103m\u00e2ne \u00een continuare rece, cu cer variabil \u0219i v\u00e2nt slab p\u00e2n\u0103 la moderat. Temperaturile maxime se vor situa \u00eentre \u20131\u00b0C \u0219i 0\u00b0C, iar minimele vor varia \u00eentre \u20138\u00b0C \u0219i \u20136\u00b0C. \u00cen intervalul de timp de la 2 februarie, ora 08:00 p\u00e2n\u0103 la 3 februarie, ora 08:00, sunt de asemenea posibile ninsori slabe diminea\u021ba, care vor aduce \u00eenc\u0103 1-2 cm de z\u0103pad\u0103. V\u00e2ntul va avea intensific\u0103ri izolate de 25\u201335 km\/h.<\/p>\n<p>ANM a emis aten\u021bion\u0103ri meteorologice, subliniind c\u0103 frigul va persista \u0219i \u00eentre 3 februarie, ora 08:00 \u0219i 4 februarie, ora 10:00. Maximele se vor men\u021bine \u00eentre \u20131\u00b0C \u0219i 0\u00b0C, iar minimele \u00eentre \u20138\u00b0C \u0219i \u20136\u00b0C. Este important de men\u021bionat c\u0103 inform\u0103rile pot fi actualizate \u00een func\u021bie de evolu\u021bia vremii, inclusiv prin alerte de tip nowcasting.<\/p>\n<p>\u00cen Bucure\u0219ti, autorit\u0103\u021bile se afl\u0103 \u00een stare de alert\u0103, iar locuitorii sunt sf\u0103tui\u021bi s\u0103 r\u0103m\u00e2n\u0103 conecta\u021bi la <a href=\"https:\/\/www.mediafax.ro\/social\/lucrari-de-deszapezire-pe-aeroporturile-henri-coanda-si-baneasa-cnab-nicio-cursa-nu-este-anulata-din-motive-meteo-23679931\" target=\"_blank\" rel=\"noopener\">anun\u021burile oficiale<\/a> \u0219i s\u0103 adopte m\u0103suri de precau\u021bie \u00een aceast\u0103 perioad\u0103 cu condi\u021bii meteorologice severe.<\/p>\n","protected":false},"excerpt":{"rendered":"<p>Luni, 2 februarie 2026, ne a\u0219tept\u0103m la vreme extrem de rece. \u00cen prima parte a zilei, cerul va fi predominant noros, iar pe alocuri se vor \u00eenregistra ninsori slabe, care vor conduce la formarea unui strat de z\u0103pad\u0103 de aproximativ 1-2 cm. V\u00e2ntul va sufla slab p\u00e2n\u0103 la moderat, cu rafale ce pot atinge 35-40 [&hellip;]<\/p>\n","protected":false},"author":5,"featured_media":1314,"comment_status":"open","ping_status":"open","sticky":false,"template":"","format":"standard","meta":{"jnews-multi-image_gallery":[],"jnews_single_post":[],"jnews_primary_category":[],"jnews_override_counter":[],"footnotes":""},"categories":[45],"tags":[150,1454,127,122,126,137,1142,139],"class_list":["post-1313","post","type-post","status-publish","format-standard","has-post-thumbnail","hentry","category-meteo","tag-anm","tag-februarie","tag-ninsori","tag-strat-de-zapada","tag-temperaturi","tag-vant","tag-viscol","tag-vreme-rece"],"_links":{"self":[{"href":"https:\/\/www.newsrecorder.ro\/app\/wp-json\/wp\/v2\/posts\/1313","targetHints":{"allow":["GET"]}}],"collection":[{"href":"https:\/\/www.newsrecorder.ro\/app\/wp-json\/wp\/v2\/posts"}],"about":[{"href":"https:\/\/www.newsrecorder.ro\/app\/wp-json\/wp\/v2\/types\/post"}],"author":[{"embeddable":true,"href":"https:\/\/www.newsrecorder.ro\/app\/wp-json\/wp\/v2\/users\/5"}],"replies":[{"embeddable":true,"href":"https:\/\/www.newsrecorder.ro\/app\/wp-json\/wp\/v2\/comments?post=1313"}],"version-history":[{"count":0,"href":"https:\/\/www.newsrecorder.ro\/app\/wp-json\/wp\/v2\/posts\/1313\/revisions"}],"wp:featuredmedia":[{"embeddable":true,"href":"https:\/\/www.newsrecorder.ro\/app\/wp-json\/wp\/v2\/media\/1314"}],"wp:attachment":[{"href":"https:\/\/www.newsrecorder.ro\/app\/wp-json\/wp\/v2\/media?parent=1313"}],"wp:term":[{"taxonomy":"category","embeddable":true,"href":"https:\/\/www.newsrecorder.ro\/app\/wp-json\/wp\/v2\/categories?post=1313"},{"taxonomy":"post_tag","embeddable":true,"href":"https:\/\/www.newsrecorder.ro\/app\/wp-json\/wp\/v2\/tags?post=1313"}],"curies":[{"name":"wp","href":"https:\/\/api.w.org\/{rel}","templated":true}]}}