{"id":13131,"date":"2026-04-10T15:42:01","date_gmt":"2026-04-10T15:42:01","guid":{"rendered":"https:\/\/www.newsrecorder.ro\/app\/2026\/04\/10\/criza-vecinului-15-miliarde-de-euro-in-pericol-din-cauza-rusiei\/"},"modified":"2026-04-10T15:42:01","modified_gmt":"2026-04-10T15:42:01","slug":"criza-vecinului-15-miliarde-de-euro-in-pericol-din-cauza-rusiei","status":"publish","type":"post","link":"https:\/\/www.newsrecorder.ro\/app\/2026\/04\/10\/criza-vecinului-15-miliarde-de-euro-in-pericol-din-cauza-rusiei\/","title":{"rendered":"Criza vecinului: 1,5 miliarde de euro \u00een pericol din cauza Rusiei!"},"content":{"rendered":"<p>Serbia se confrunt\u0103 cu riscul de a pierde p\u00e2n\u0103 la 1,5 miliarde de euro din fondurile Uniunii Europene, ca urmare a \u00eent\u0103ririi rela\u021biilor sale cu Rusia, conform unui raport publicat de <a href=\"https:\/\/www.politico.eu\/article\/serbia-faces-eu-funding-freeze-judicial-reforms-russia-relations\/\" target=\"_blank\" rel=\"noopener\">POLITICO<\/a>. Ace\u0219ti bani sunt destina\u021bi reformelor \u0219i preg\u0103tirilor pentru aderarea la UE, proces care a \u00eenceput \u00een 2014 \u0219i care se afl\u0103 \u00een continuare \u00een desf\u0103\u0219urare.<\/p>\n<p>Oficialii de la Bruxelles \u00ee\u0219i exprim\u0103 tot mai des nemul\u021bumirea fa\u021b\u0103 de comportamentul Belgradului, principalul motiv fiind leg\u0103turile str\u00e2nse cu Rusia. Comisia European\u0103 a adoptat o atitudine mai ferm\u0103, av\u00e2nd \u00een vedere posibilitatea revizuirii finan\u021b\u0103rii destinate Serbiei.<\/p>\n<p>O eventual\u0103 decizie de suspendare a acestor pl\u0103\u021bi ar complica \u0219i mai mult procesul de extindere a Uniunii Europene, afect\u00e2nd perspectivele de integrare ale Serbiei \u00een blocul comunitar.<\/p>\n<p>\u201eSuntem din ce \u00een ce mai \u00eengrijora\u021bi de evolu\u021biile din Serbia. De la legile care submineaz\u0103 independen\u021ba sistemului judiciar, la represiunea protestatarilor \u0219i interven\u021bia frecvent\u0103 \u00een mass-media independent\u0103\u201d, a declarat Marta Kos, comisar european pentru extindere, \u00een cadrul unui interviu pentru POLITICO.<\/p>\n<p>Pe de alt\u0103 parte, Danijel Apostolovi\u0107, ambasadorul Serbiei la UE \u0219i negociatorul-\u0219ef al \u021b\u0103rii cu Uniunea, a afirmat c\u0103 este \u201e\u00eencrez\u0103tor c\u0103 nu vom ajunge la punctul\u201d de suspendare a finan\u021b\u0103rii \u0219i a subliniat c\u0103 \u201enu renun\u021b\u0103m la statutul de membru deplin al UE\u201d.<\/p>\n","protected":false},"excerpt":{"rendered":"<p>Serbia se confrunt\u0103 cu riscul de a pierde p\u00e2n\u0103 la 1,5 miliarde de euro din fondurile Uniunii Europene, ca urmare a \u00eent\u0103ririi rela\u021biilor sale cu Rusia, conform unui raport publicat de POLITICO. Ace\u0219ti bani sunt destina\u021bi reformelor \u0219i preg\u0103tirilor pentru aderarea la UE, proces care a \u00eenceput \u00een 2014 \u0219i care se afl\u0103 \u00een continuare [&hellip;]<\/p>\n","protected":false},"author":4,"featured_media":13132,"comment_status":"open","ping_status":"open","sticky":false,"template":"","format":"standard","meta":{"jnews-multi-image_gallery":[],"jnews_single_post":[],"jnews_primary_category":[],"jnews_override_counter":[],"footnotes":""},"categories":[40],"tags":[2587,14000,2731,7584,1057,681,7638,321],"class_list":["post-13131","post","type-post","status-publish","format-standard","has-post-thumbnail","hentry","category-econonie","tag-bruxelles","tag-extindere","tag-fonduri","tag-integrare","tag-reforme","tag-rusia","tag-serbia","tag-uniunea-europeana"],"_links":{"self":[{"href":"https:\/\/www.newsrecorder.ro\/app\/wp-json\/wp\/v2\/posts\/13131","targetHints":{"allow":["GET"]}}],"collection":[{"href":"https:\/\/www.newsrecorder.ro\/app\/wp-json\/wp\/v2\/posts"}],"about":[{"href":"https:\/\/www.newsrecorder.ro\/app\/wp-json\/wp\/v2\/types\/post"}],"author":[{"embeddable":true,"href":"https:\/\/www.newsrecorder.ro\/app\/wp-json\/wp\/v2\/users\/4"}],"replies":[{"embeddable":true,"href":"https:\/\/www.newsrecorder.ro\/app\/wp-json\/wp\/v2\/comments?post=13131"}],"version-history":[{"count":0,"href":"https:\/\/www.newsrecorder.ro\/app\/wp-json\/wp\/v2\/posts\/13131\/revisions"}],"wp:featuredmedia":[{"embeddable":true,"href":"https:\/\/www.newsrecorder.ro\/app\/wp-json\/wp\/v2\/media\/13132"}],"wp:attachment":[{"href":"https:\/\/www.newsrecorder.ro\/app\/wp-json\/wp\/v2\/media?parent=13131"}],"wp:term":[{"taxonomy":"category","embeddable":true,"href":"https:\/\/www.newsrecorder.ro\/app\/wp-json\/wp\/v2\/categories?post=13131"},{"taxonomy":"post_tag","embeddable":true,"href":"https:\/\/www.newsrecorder.ro\/app\/wp-json\/wp\/v2\/tags?post=13131"}],"curies":[{"name":"wp","href":"https:\/\/api.w.org\/{rel}","templated":true}]}}