{"id":13143,"date":"2026-04-10T16:44:55","date_gmt":"2026-04-10T16:44:55","guid":{"rendered":"https:\/\/www.newsrecorder.ro\/app\/2026\/04\/10\/oana-toiu-cooperarea-cu-marco-rubio-esentiala-pentru-aparare\/"},"modified":"2026-04-10T16:44:55","modified_gmt":"2026-04-10T16:44:55","slug":"oana-toiu-cooperarea-cu-marco-rubio-esentiala-pentru-aparare","status":"publish","type":"post","link":"https:\/\/www.newsrecorder.ro\/app\/2026\/04\/10\/oana-toiu-cooperarea-cu-marco-rubio-esentiala-pentru-aparare\/","title":{"rendered":"Oana \u021aoiu: Cooperarea cu Marco Rubio, esen\u021bial\u0103 pentru ap\u0103rare!"},"content":{"rendered":"<p>Oana \u021aoiu, ministra Afacerilor Externe, a avut o discu\u021bie telefonic\u0103 cu Secretarul de Stat al SUA, Marco Rubio, \u00een care au abordat provoc\u0103rile de securitate actuale \u0219i viitorul rela\u021biei bilaterale. Aceasta a subliniat c\u0103 cooperarea \u00een domeniul descuraj\u0103rii \u0219i ap\u0103r\u0103rii este esen\u021bial\u0103, fiind sus\u021binut\u0103 de un Parteneriat Strategic solid \u0219i de lung\u0103 durat\u0103.<\/p>\n<p>\u00cen cadrul conversa\u021biei, au fost explorate modalit\u0103\u021bi de aprofundare a colabor\u0103rii \u00een domenii strategice, precum ap\u0103rarea, energia, tehnologia \u0219i mineralele critice, dar \u0219i importan\u021ba consolid\u0103rii leg\u0103turilor interumane.<\/p>\n<p>\u021aoiu a afirmat c\u0103 rela\u021bia dintre Rom\u00e2nia \u0219i Statele Unite reprezint\u0103 un pilon de stabilitate, nu doar la nivel bilateral, ci \u0219i pentru \u00eentreaga regiune. \u201eAm reafirmat contribu\u021bia activ\u0103 a Rom\u00e2niei la coordonarea Aliat\u0103 pe Flancul Estic \u0219i dorin\u021ba noastr\u0103 de a spori componenta economic\u0103 a parteneriatului strategic\u201d, a ad\u0103ugat ea.<\/p>\n<p>Un alt aspect important discutat a fost un nou pas concret \u00een \u00eent\u0103rirea rela\u021biilor rom\u00e2no-americane. \u201eMinisterul Afacerilor Externe \u0219i Departamentul de Stat au finalizat acordul formal pentru programul MECEA \u0219i lansarea Romania-United States Exchange Program. Primele delega\u021bii ale Congresului SUA vor sosi \u00een Rom\u00e2nia \u00eenainte de sf\u00e2r\u0219itul acestui an. Am subliniat importan\u021ba acestui program de schimburi educa\u021bionale \u0219i culturale, deoarece diploma\u021bia se bazeaz\u0103 pe prezen\u021b\u0103 \u0219i cunoa\u0219tere direct\u0103. Ne dorim ca membrii Congresului SUA \u0219i speciali\u0219tii americani s\u0103 descopere universit\u0103\u021bile noastre, dinamismul antreprenorilor din domeniul tehnologiei, ini\u021biativele societ\u0103\u021bii civile \u0219i expertiza noastr\u0103 \u00een securitate \u0219i energie\u201d, a declarat \u021aoiu.<\/p>\n<p>\u00cen aceea\u0219i zi, Secretarul de Stat Marco Rubio a avut o <a style=\"color: #0000ff\" href=\"https:\/\/www.mediafax.ro\/politic\/rubio-multumeste-romaniei-pentru-sprijinul-acordat-sua-in-securitatea-din-orientul-mijlociu-23718013\" target=\"_blank\" rel=\"noopener\">convorbire telefonic\u0103<\/a> cu Oana \u021aoiu, \u00een care a exprimat recuno\u0219tin\u021b\u0103 Rom\u00e2niei pentru sprijinul acordat \u00een opera\u021biunile americane de securitate din Orientul Mijlociu.<\/p>\n","protected":false},"excerpt":{"rendered":"<p>Oana \u021aoiu, ministra Afacerilor Externe, a avut o discu\u021bie telefonic\u0103 cu Secretarul de Stat al SUA, Marco Rubio, \u00een care au abordat provoc\u0103rile de securitate actuale \u0219i viitorul rela\u021biei bilaterale. Aceasta a subliniat c\u0103 cooperarea \u00een domeniul descuraj\u0103rii \u0219i ap\u0103r\u0103rii este esen\u021bial\u0103, fiind sus\u021binut\u0103 de un Parteneriat Strategic solid \u0219i de lung\u0103 durat\u0103. \u00cen cadrul [&hellip;]<\/p>\n","protected":false},"author":2,"featured_media":13144,"comment_status":"open","ping_status":"open","sticky":false,"template":"","format":"standard","meta":{"jnews-multi-image_gallery":[],"jnews_single_post":[],"jnews_primary_category":[],"jnews_override_counter":[],"footnotes":""},"categories":[42],"tags":[409,659,351,3115,905,1324,874,680],"class_list":["post-13143","post","type-post","status-publish","format-standard","has-post-thumbnail","hentry","category-politica","tag-aparare","tag-cooperare","tag-flanc-estic","tag-oana-toiu","tag-parteneriat-strategic","tag-relatii-bilaterale","tag-securitate","tag-statele-unite"],"_links":{"self":[{"href":"https:\/\/www.newsrecorder.ro\/app\/wp-json\/wp\/v2\/posts\/13143","targetHints":{"allow":["GET"]}}],"collection":[{"href":"https:\/\/www.newsrecorder.ro\/app\/wp-json\/wp\/v2\/posts"}],"about":[{"href":"https:\/\/www.newsrecorder.ro\/app\/wp-json\/wp\/v2\/types\/post"}],"author":[{"embeddable":true,"href":"https:\/\/www.newsrecorder.ro\/app\/wp-json\/wp\/v2\/users\/2"}],"replies":[{"embeddable":true,"href":"https:\/\/www.newsrecorder.ro\/app\/wp-json\/wp\/v2\/comments?post=13143"}],"version-history":[{"count":0,"href":"https:\/\/www.newsrecorder.ro\/app\/wp-json\/wp\/v2\/posts\/13143\/revisions"}],"wp:featuredmedia":[{"embeddable":true,"href":"https:\/\/www.newsrecorder.ro\/app\/wp-json\/wp\/v2\/media\/13144"}],"wp:attachment":[{"href":"https:\/\/www.newsrecorder.ro\/app\/wp-json\/wp\/v2\/media?parent=13143"}],"wp:term":[{"taxonomy":"category","embeddable":true,"href":"https:\/\/www.newsrecorder.ro\/app\/wp-json\/wp\/v2\/categories?post=13143"},{"taxonomy":"post_tag","embeddable":true,"href":"https:\/\/www.newsrecorder.ro\/app\/wp-json\/wp\/v2\/tags?post=13143"}],"curies":[{"name":"wp","href":"https:\/\/api.w.org\/{rel}","templated":true}]}}