{"id":13149,"date":"2026-04-10T17:24:10","date_gmt":"2026-04-10T17:24:10","guid":{"rendered":"https:\/\/www.newsrecorder.ro\/app\/2026\/04\/10\/ministrul-justitiei-neaga-acuzatiile-de-blat-o-teorie-a-conspiratiei\/"},"modified":"2026-04-10T17:24:10","modified_gmt":"2026-04-10T17:24:10","slug":"ministrul-justitiei-neaga-acuzatiile-de-blat-o-teorie-a-conspiratiei","status":"publish","type":"post","link":"https:\/\/www.newsrecorder.ro\/app\/2026\/04\/10\/ministrul-justitiei-neaga-acuzatiile-de-blat-o-teorie-a-conspiratiei\/","title":{"rendered":"Ministrul Justi\u021biei neag\u0103 acuza\u021biile de \u201eblat\u201d: \u201eO teorie a conspira\u021biei!\u201d"},"content":{"rendered":"<p>Ministrul Justi\u021biei, Radu Marinescu, a r\u0103spuns joi criticilor referitoare la numirile din conducerea Parchetului General, DNA \u0219i DIICOT, precum \u0219i specula\u021biilor privind o posibil\u0103 \u00een\u021belegere politic\u0103 \u00eentre pre\u0219edintele Nicu\u0219or Dan \u0219i Partidul Social-Democrat (PSD).<\/p>\n<p>\u00centr-o interven\u021bie la Antena 3, Marinescu a subliniat c\u0103 nu exist\u0103 un scenariu de \u00een\u021belegere secret\u0103 \u0219i a respins vehement orice idee de colaborare \u00eentre pre\u0219edinte \u0219i PSD.<\/p>\n<p>\u201eAceasta este o teorie a conspira\u021biei, amplificat\u0103 emo\u021bional de c\u0103tre cei care doresc s\u0103 speculeze politic aceast\u0103 situa\u021bie. \u00cen realitate, procesul s-a desf\u0103\u0219urat conform legii \u0219i Constitu\u021biei, cu o transparen\u021b\u0103 maxim\u0103, av\u00e2nd posibilitatea de a fi urm\u0103rit \u00een direct de c\u0103tre oricine a fost interesat. A trecut printr-un filtru institu\u021bional riguros \u0219i s-a finalizat printr-o numire realizat\u0103 de pre\u0219edinte, bazat\u0103 pe argumente solide, at\u00e2t de fapt c\u00e2t \u0219i de drept, disponibile pentru oricine dore\u0219te s\u0103 le analizeze\u201d, a declarat Radu Marinescu.<\/p>\n<p>Ministrul a mai ad\u0103ugat c\u0103 rela\u021bia dintre Ministerul Justi\u021biei \u0219i Pre\u0219edin\u021bie s-a limitat strict la cadrul institu\u021bional stabilit de legisla\u021bie, reiter\u00e2nd c\u0103 nu exist\u0103 o \u00een\u021belegere politic\u0103 \u00een spatele acestor decizii.<\/p>\n<p>\u201eNu am cuno\u0219tin\u021b\u0103 despre vreo \u00een\u021belegere sau blat\u201d, a afirmat ministrul Justi\u021biei.<\/p>\n<p>Marinescu a respins, de asemenea, specula\u021biile conform c\u0103rora numirile din justi\u021bie ar fi corelate cu func\u021bii cheie din domeniul serviciilor de informa\u021bii, cum ar fi SRI \u0219i SIE. \u201eNu exist\u0103 nicio \u00een\u021belegere de acest gen\u201d, a subliniat el.<\/p>\n<p>Pe de alt\u0103 parte, USR a emis un comunicat dup\u0103 anun\u021bul pre\u0219edintelui Nicu\u0219or Dan privind noile conduceri din parchete. Forma\u021biunea a salutat inten\u021bia de a eficientiza sistemul, dar a contestat modul \u00een care s-au realizat aceste numiri.<\/p>\n<p>\u201e\u00cemp\u0103rt\u0103\u0219im dorin\u021ba pre\u0219edintelui de a dinamiza activitatea parchetelor, \u00een special \u00een leg\u0103tur\u0103 cu dosarele mari de corup\u021bie \u0219i evaziune fiscal\u0103. Oamenii trebuie s\u0103 aib\u0103 mai mult\u0103 \u00eencredere \u00een justi\u021bie, iar aceasta se construie\u0219te pe baza modului \u00een care este condus\u0103. De aceea, consider\u0103m c\u0103 aceste numiri ar fi trebuit s\u0103 fie \u00eenso\u021bite de un proces care s\u0103 inspire \u00eencredere \u0219i transparen\u021b\u0103. Suntem \u00een dezacord cu opinia domnului pre\u0219edinte c\u0103 aceste numiri nu au marca PSD pe ele. Un proces este perceput ca fiind de \u00eencredere \u00een m\u0103sura \u00een care este condus de oameni de \u00eencredere. Domnul Marinescu, ministru PSD, a gestionat un proces viciat care nu a inspirat \u00eencredere multor procurori one\u0219ti din sistem\u201d, se arat\u0103 \u00een comunicatul de pres\u0103 emis de USR.<\/p>\n<p>\u00cen aceea\u0219i zi, pre\u0219edintele Nicu\u0219or Dan a anun\u021bat semnarea decretelor pentru conducerea Parchetului General, DNA \u0219i DIICOT, subliniind c\u0103 acest proces a fost rezultatul unor consult\u0103ri extinse.<\/p>\n<p>El a respins interpret\u0103rile conform c\u0103rora deciziile ar fi fost dictate exclusiv de PSD, afirm\u00e2nd c\u0103 evaluarea sa a fost independent\u0103 \u0219i bazat\u0103 pe discu\u021bii cu magistra\u021bii.<\/p>\n","protected":false},"excerpt":{"rendered":"<p>Ministrul Justi\u021biei, Radu Marinescu, a r\u0103spuns joi criticilor referitoare la numirile din conducerea Parchetului General, DNA \u0219i DIICOT, precum \u0219i specula\u021biilor privind o posibil\u0103 \u00een\u021belegere politic\u0103 \u00eentre pre\u0219edintele Nicu\u0219or Dan \u0219i Partidul Social-Democrat (PSD). \u00centr-o interven\u021bie la Antena 3, Marinescu a subliniat c\u0103 nu exist\u0103 un scenariu de \u00een\u021belegere secret\u0103 \u0219i a respins vehement orice [&hellip;]<\/p>\n","protected":false},"author":2,"featured_media":13150,"comment_status":"open","ping_status":"open","sticky":false,"template":"","format":"standard","meta":{"jnews-multi-image_gallery":[],"jnews_single_post":[],"jnews_primary_category":[],"jnews_override_counter":[],"footnotes":""},"categories":[42],"tags":[829,3130,12660,286,4506,300,6008,15949],"class_list":["post-13149","post","type-post","status-publish","format-standard","has-post-thumbnail","hentry","category-politica","tag-diicot","tag-dna","tag-ministrul-justitiei","tag-nicusor-dan","tag-parchetul-general","tag-psd","tag-radu-marinescu","tag-teorie-a-conspiratiei"],"_links":{"self":[{"href":"https:\/\/www.newsrecorder.ro\/app\/wp-json\/wp\/v2\/posts\/13149","targetHints":{"allow":["GET"]}}],"collection":[{"href":"https:\/\/www.newsrecorder.ro\/app\/wp-json\/wp\/v2\/posts"}],"about":[{"href":"https:\/\/www.newsrecorder.ro\/app\/wp-json\/wp\/v2\/types\/post"}],"author":[{"embeddable":true,"href":"https:\/\/www.newsrecorder.ro\/app\/wp-json\/wp\/v2\/users\/2"}],"replies":[{"embeddable":true,"href":"https:\/\/www.newsrecorder.ro\/app\/wp-json\/wp\/v2\/comments?post=13149"}],"version-history":[{"count":0,"href":"https:\/\/www.newsrecorder.ro\/app\/wp-json\/wp\/v2\/posts\/13149\/revisions"}],"wp:featuredmedia":[{"embeddable":true,"href":"https:\/\/www.newsrecorder.ro\/app\/wp-json\/wp\/v2\/media\/13150"}],"wp:attachment":[{"href":"https:\/\/www.newsrecorder.ro\/app\/wp-json\/wp\/v2\/media?parent=13149"}],"wp:term":[{"taxonomy":"category","embeddable":true,"href":"https:\/\/www.newsrecorder.ro\/app\/wp-json\/wp\/v2\/categories?post=13149"},{"taxonomy":"post_tag","embeddable":true,"href":"https:\/\/www.newsrecorder.ro\/app\/wp-json\/wp\/v2\/tags?post=13149"}],"curies":[{"name":"wp","href":"https:\/\/api.w.org\/{rel}","templated":true}]}}