{"id":13157,"date":"2026-04-10T17:25:44","date_gmt":"2026-04-10T17:25:44","guid":{"rendered":"https:\/\/www.newsrecorder.ro\/app\/2026\/04\/10\/ce-se-intampla-daca-viktor-orban-castiga-din-nou\/"},"modified":"2026-04-10T17:25:44","modified_gmt":"2026-04-10T17:25:44","slug":"ce-se-intampla-daca-viktor-orban-castiga-din-nou","status":"publish","type":"post","link":"https:\/\/www.newsrecorder.ro\/app\/2026\/04\/10\/ce-se-intampla-daca-viktor-orban-castiga-din-nou\/","title":{"rendered":"Ce se \u00eent\u00e2mpl\u0103 dac\u0103 Viktor Orb\u00e1n c\u00e2\u0219tig\u0103 din nou?"},"content":{"rendered":"<p>Scrutinul electoral din Ungaria are implica\u021bii care dep\u0103\u0219esc simpla competi\u021bie intern\u0103. O posibil\u0103 victorie a forma\u021biunii Tisza, condus\u0103 de P\u00e9ter Magyar, ar putea diminua presiunea imediat\u0103 asupra institu\u021biilor europene, oferind Bruxellesului oportunitatea de a am\u00e2na o confruntare direct\u0103 cu Budapesta. Pe de alt\u0103 parte, o nou\u0103 victorie pentru Viktor Orb\u00e1n ar putea for\u021ba Uniunea European\u0103 s\u0103 adopte m\u0103suri mai decisive, conform unei analize realizate de TPV.<\/p>\n<p>O eventual\u0103 victorie a lui Viktor Orb\u00e1n ar putea crea dificult\u0103\u021bi considerabile pentru Uniunea European\u0103. De-a lungul celor 16 ani de conducere, Orb\u00e1n a demonstrat c\u00e2t de vulnerabil este mecanismul decizional al UE atunci c\u00e2nd un stat membru \u00ee\u0219i exercit\u0103 dreptul de veto pentru a bloca decizii esen\u021biale. \u00cen trecut, aceste blocaje erau gestionate prin negocieri \u0219i compromisuri, \u00eens\u0103 contextul actual este mult mai tensionat.<\/p>\n<p>Invazia Rusiei \u00een Ucraina, care a \u00eenceput \u00een februarie 2022, \u00eempreun\u0103 cu schimb\u0103rile \u00een politica de securitate a Statelor Unite, au crescut presiunea asupra Uniunii Europene, care trebuie s\u0103 reac\u021bioneze prompt \u00een privin\u021ba sprijinului militar pentru Ucraina, sanc\u021biunilor, finan\u021b\u0103rii ap\u0103r\u0103rii, integr\u0103rii pie\u021belor de capital \u0219i reglement\u0103rii digitale.<\/p>\n<p>\u00cen aceste circumstan\u021be, scurgerile de informa\u021bii ap\u0103rute la sf\u00e2r\u0219itul lunii martie \u0219i \u00eenceputul lunii aprilie au intensificat suspiciunile legate de leg\u0103tura Budapestei cu Moscova. Conform acestor informa\u021bii, ministrul ungar de Externe, P\u00e9ter Szijj\u00e1rt\u00f3, l-ar fi informat pe omologul s\u0103u rus, Serghei Lavrov, despre progresele negocierilor europene privind aderarea Ucrainei, chiar \u00een timpul summitului Consiliului European din decembrie 2023. De asemenea, s-a men\u021bionat c\u0103 Viktor Orb\u00e1n i-ar fi transmis lui Vladimir Putin c\u0103 este \u201ela dispozi\u021bia sa\u201d pentru orice ajutor necesar.<\/p>\n<p><strong>Datele prezentate de Michal Ov\u00e1dek, lector la University College London, indic\u0103 faptul c\u0103 Ungaria a folosit dreptul de veto de 21 de ori din 2022 p\u00e2n\u0103 \u00een prezent, ceea ce reprezint\u0103 aproape jum\u0103tate din totalul celor 48 de veto-uri \u00eenregistrate \u00een istoria UE \u00een domeniul politicii externe \u0219i bugetului.<\/strong><\/p>\n<p>Pe l\u00e2ng\u0103 acestea, procedura prev\u0103zut\u0103 de Articolul 7, care ar putea duce la suspendarea dreptului de vot al unui stat membru pentru \u00eenc\u0103lc\u0103ri persistente ale valorilor europene, r\u0103m\u00e2ne blocat\u0103. Ini\u021biativa Parlamentului European de a ac\u021biona \u00eempotriva Ungariei a \u00eenceput \u00een 2018, \u00eens\u0103 nu a avut rezultate semnificative, deoarece este necesar\u0103 unanimitatea celorlalte 26 de state membre pentru a constata o \u00eenc\u0103lcare, iar Slovacia, sub conducerea lui Robert Fico, nu sprijin\u0103 o astfel de ac\u021biune.<\/p>\n<p>\u00cen fa\u021ba acestui impas, Bruxellesul examineaz\u0103 diverse op\u021biuni. Una dintre acestea ar putea fi relansarea procedurii Articolului 7, concentr\u00e2ndu-se pe \u00eenc\u0103lcarea solidarit\u0103\u021bii \u00een politica extern\u0103 \u0219i de securitate comun\u0103, nu doar pe criteriile legate de statul de drept. Alte solu\u021bii discutate includ limitarea accesului Ungariei la informa\u021bii sensibile, excluderea sa din anumite reuniuni restr\u00e2nse sau blocarea indirect\u0103 a unor beneficii, cum ar fi \u00eemprumutul de 17,4 miliarde de euro solicitat prin mecanismul european SAFE pentru ap\u0103rare.<\/p>\n<p>Deja, unele m\u0103suri informale par s\u0103 fie implementate. Fran\u021ba a confirmat c\u0103 re\u021bine anumite informa\u021bii \u00een cadrul reuniunilor la care particip\u0103 Szijj\u00e1rt\u00f3, iar pre\u0219edintele Consiliului European, Ant\u00f3nio Costa, a declarat public c\u0103 Orb\u00e1n nu mai ac\u021bioneaz\u0103 cu bun\u0103-credin\u021b\u0103. Aceasta a dus, conform diploma\u021bilor europeni, la o Uniune \u00een dou\u0103 viteze: 26 de state care desf\u0103\u0219oar\u0103 negocieri reale \u0219i un al 27-lea membru care, de\u0219i \u00ee\u0219i p\u0103streaz\u0103 formal dreptul de vot \u0219i veto, este tot mai des ocolit.<\/p>\n<p>Totu\u0219i, solu\u021biile structurale sunt dificile de implementat. Trecerea de la unanimitate la vot majoritar \u00een politica extern\u0103 ar necesita, pentru activarea clauzelor speciale din tratate, tot unanimitate, ceea ce ofer\u0103 Ungariei posibilitatea de a bloca reforma destinat\u0103 diminu\u0103rii puterii sale de veto. Nici condi\u021bionarea financiar\u0103 mai strict\u0103 \u00een viitorul buget multianual al UE nu pare a fi o solu\u021bie u\u0219or de aplicat, dat fiind c\u0103 Budapesta trebuie s\u0103 aprobe, de asemenea, cadrul financiar.<\/p>\n<p>Experien\u021ba Ungariei influen\u021beaz\u0103 deja discu\u021biile despre extinderea Uniunii Europene. \u00cen contextul \u00een care UE negociaz\u0103 aderarea a p\u00e2n\u0103 la nou\u0103 state candidate, inclusiv Ucraina \u0219i mai multe \u021b\u0103ri din Balcanii de Vest, la Bruxelles se contureaz\u0103 ideea ca noii membri s\u0103 nu primeasc\u0103 imediat drept de veto, cel pu\u021bin pentru o perioad\u0103 de tranzi\u021bie.<\/p>\n<p>Indiferent de rezultatul alegerilor de duminic\u0103, problema fundamental\u0103 r\u0103m\u00e2ne aceea\u0219i: cum poate Uniunea European\u0103 s\u0103 func\u021bioneze rapid \u0219i coerent atunci c\u00e2nd unul dintre membrii s\u0103i contest\u0103 direc\u021bia comun\u0103 a blocului. O eventual\u0103 schimbare de putere la Budapesta ar putea reduce tensiunile pe termen scurt, \u00eens\u0103 nu va elimina vulnerabilitatea institu\u021bional\u0103 pe care cazul Orb\u00e1n a eviden\u021biat-o.<\/p>\n","protected":false},"excerpt":{"rendered":"<p>Scrutinul electoral din Ungaria are implica\u021bii care dep\u0103\u0219esc simpla competi\u021bie intern\u0103. O posibil\u0103 victorie a forma\u021biunii Tisza, condus\u0103 de P\u00e9ter Magyar, ar putea diminua presiunea imediat\u0103 asupra institu\u021biilor europene, oferind Bruxellesului oportunitatea de a am\u00e2na o confruntare direct\u0103 cu Budapesta. Pe de alt\u0103 parte, o nou\u0103 victorie pentru Viktor Orb\u00e1n ar putea for\u021ba Uniunea European\u0103 [&hellip;]<\/p>\n","protected":false},"author":2,"featured_media":13158,"comment_status":"open","ping_status":"open","sticky":false,"template":"","format":"standard","meta":{"jnews-multi-image_gallery":[],"jnews_single_post":[],"jnews_primary_category":[],"jnews_override_counter":[],"footnotes":""},"categories":[39],"tags":[2587,6063,10854,15955,12257,1924,321,15956],"class_list":["post-13157","post","type-post","status-publish","format-standard","has-post-thumbnail","hentry","category-stirile-zilei","tag-bruxelles","tag-institutii-europene","tag-presiune-politica","tag-scrutin-electoral","tag-tisza","tag-ungaria","tag-uniunea-europeana","tag-victor-orban"],"_links":{"self":[{"href":"https:\/\/www.newsrecorder.ro\/app\/wp-json\/wp\/v2\/posts\/13157","targetHints":{"allow":["GET"]}}],"collection":[{"href":"https:\/\/www.newsrecorder.ro\/app\/wp-json\/wp\/v2\/posts"}],"about":[{"href":"https:\/\/www.newsrecorder.ro\/app\/wp-json\/wp\/v2\/types\/post"}],"author":[{"embeddable":true,"href":"https:\/\/www.newsrecorder.ro\/app\/wp-json\/wp\/v2\/users\/2"}],"replies":[{"embeddable":true,"href":"https:\/\/www.newsrecorder.ro\/app\/wp-json\/wp\/v2\/comments?post=13157"}],"version-history":[{"count":0,"href":"https:\/\/www.newsrecorder.ro\/app\/wp-json\/wp\/v2\/posts\/13157\/revisions"}],"wp:featuredmedia":[{"embeddable":true,"href":"https:\/\/www.newsrecorder.ro\/app\/wp-json\/wp\/v2\/media\/13158"}],"wp:attachment":[{"href":"https:\/\/www.newsrecorder.ro\/app\/wp-json\/wp\/v2\/media?parent=13157"}],"wp:term":[{"taxonomy":"category","embeddable":true,"href":"https:\/\/www.newsrecorder.ro\/app\/wp-json\/wp\/v2\/categories?post=13157"},{"taxonomy":"post_tag","embeddable":true,"href":"https:\/\/www.newsrecorder.ro\/app\/wp-json\/wp\/v2\/tags?post=13157"}],"curies":[{"name":"wp","href":"https:\/\/api.w.org\/{rel}","templated":true}]}}