{"id":13163,"date":"2026-04-10T17:26:47","date_gmt":"2026-04-10T17:26:47","guid":{"rendered":"https:\/\/www.newsrecorder.ro\/app\/2026\/04\/10\/tragedie-in-insulele-canare-autocar-rasturnat-un-mort-si-raniti\/"},"modified":"2026-04-10T17:26:47","modified_gmt":"2026-04-10T17:26:47","slug":"tragedie-in-insulele-canare-autocar-rasturnat-un-mort-si-raniti","status":"publish","type":"post","link":"https:\/\/www.newsrecorder.ro\/app\/2026\/04\/10\/tragedie-in-insulele-canare-autocar-rasturnat-un-mort-si-raniti\/","title":{"rendered":"Tragedie \u00een Insulele Canare: Autocar r\u0103sturnat, un mort \u0219i r\u0103ni\u021bi!"},"content":{"rendered":"<p>Un accident tragic a avut loc \u00een Insulele Canare, unde un autocar a c\u0103zut \u00eentr-o r\u00e2p\u0103, conform anun\u021bului f\u0103cut de serviciile de urgen\u021b\u0103 pe re\u021belele de socializare. Din p\u0103cate, incidentul s-a soldat cu moartea unui b\u0103rbat, iar alte trei persoane au suferit r\u0103ni grave, \u00een timp ce unsprezece au fost r\u0103nite u\u0219or, a raportat <a href=\"https:\/\/www.lefigaro.fr\/international\/espagne-un-bus-touristique-se-renverse-aux-canaries-un-mort-et-trois-blesses-graves-20260410\" target=\"_blank\" rel=\"noopener\">Le Figaro<\/a>.<\/p>\n<p>Deocamdat\u0103, na\u021bionalitatea victimelor nu a fost f\u0103cut\u0103 public\u0103. Totu\u0219i, H\u00e9ctor Cabrera, \u0219eful departamentului de situa\u021bii de urgen\u021b\u0103 din La Gomera, a declarat pentru postul de televiziune public TVE c\u0103 pasagerii autobuzului erau caza\u021bi \u00eentr-un complex hotelier de pe insul\u0103.<\/p>\n<p>Insulele Canare, cunoscute pentru clima lor cald\u0103 \u0219i \u00eensorit\u0103 pe tot parcursul anului, sunt o destina\u021bie turistic\u0103 extrem de popular\u0103. \u00cen anul 2025, aceste insule au atras 15,7 milioane din cei aproape 100 de milioane de turi\u0219ti care au vizitat Spania, conform datelor furnizate de Institutul Na\u021bional de Statistic\u0103 (INE).<\/p>\n","protected":false},"excerpt":{"rendered":"<p>Un accident tragic a avut loc \u00een Insulele Canare, unde un autocar a c\u0103zut \u00eentr-o r\u00e2p\u0103, conform anun\u021bului f\u0103cut de serviciile de urgen\u021b\u0103 pe re\u021belele de socializare. Din p\u0103cate, incidentul s-a soldat cu moartea unui b\u0103rbat, iar alte trei persoane au suferit r\u0103ni grave, \u00een timp ce unsprezece au fost r\u0103nite u\u0219or, a raportat Le [&hellip;]<\/p>\n","protected":false},"author":2,"featured_media":13164,"comment_status":"open","ping_status":"open","sticky":false,"template":"","format":"standard","meta":{"jnews-multi-image_gallery":[],"jnews_single_post":[],"jnews_primary_category":[],"jnews_override_counter":[],"footnotes":""},"categories":[39],"tags":[955,15965,15966,7307,703,386,4842,694],"class_list":["post-13163","post","type-post","status-publish","format-standard","has-post-thumbnail","hentry","category-stirile-zilei","tag-accident","tag-autocar","tag-clima-calda","tag-insulele-canare","tag-spania","tag-turism","tag-urgenta","tag-victime"],"_links":{"self":[{"href":"https:\/\/www.newsrecorder.ro\/app\/wp-json\/wp\/v2\/posts\/13163","targetHints":{"allow":["GET"]}}],"collection":[{"href":"https:\/\/www.newsrecorder.ro\/app\/wp-json\/wp\/v2\/posts"}],"about":[{"href":"https:\/\/www.newsrecorder.ro\/app\/wp-json\/wp\/v2\/types\/post"}],"author":[{"embeddable":true,"href":"https:\/\/www.newsrecorder.ro\/app\/wp-json\/wp\/v2\/users\/2"}],"replies":[{"embeddable":true,"href":"https:\/\/www.newsrecorder.ro\/app\/wp-json\/wp\/v2\/comments?post=13163"}],"version-history":[{"count":0,"href":"https:\/\/www.newsrecorder.ro\/app\/wp-json\/wp\/v2\/posts\/13163\/revisions"}],"wp:featuredmedia":[{"embeddable":true,"href":"https:\/\/www.newsrecorder.ro\/app\/wp-json\/wp\/v2\/media\/13164"}],"wp:attachment":[{"href":"https:\/\/www.newsrecorder.ro\/app\/wp-json\/wp\/v2\/media?parent=13163"}],"wp:term":[{"taxonomy":"category","embeddable":true,"href":"https:\/\/www.newsrecorder.ro\/app\/wp-json\/wp\/v2\/categories?post=13163"},{"taxonomy":"post_tag","embeddable":true,"href":"https:\/\/www.newsrecorder.ro\/app\/wp-json\/wp\/v2\/tags?post=13163"}],"curies":[{"name":"wp","href":"https:\/\/api.w.org\/{rel}","templated":true}]}}