{"id":13173,"date":"2026-04-10T18:06:48","date_gmt":"2026-04-10T18:06:48","guid":{"rendered":"https:\/\/www.newsrecorder.ro\/app\/2026\/04\/10\/atac-socant-intr-un-liceu-din-franta-eleva-de-15-ani-injunghiata\/"},"modified":"2026-04-10T18:06:48","modified_gmt":"2026-04-10T18:06:48","slug":"atac-socant-intr-un-liceu-din-franta-eleva-de-15-ani-injunghiata","status":"publish","type":"post","link":"https:\/\/www.newsrecorder.ro\/app\/2026\/04\/10\/atac-socant-intr-un-liceu-din-franta-eleva-de-15-ani-injunghiata\/","title":{"rendered":"Atac \u0219ocant \u00eentr-un liceu din Fran\u021ba: Elev\u0103 de 15 ani, \u00eenjunghiat\u0103!"},"content":{"rendered":"<p style=\"text-align: left\">O elev\u0103 de liceu a fost victima unui atac violent la Joubert-\u00c9milien Maillard, o institu\u021bie educa\u021bional\u0103 care, p\u00e2n\u0103 acum, nu a fost asociat\u0103 cu incidente de violen\u021b\u0103. Conform <a href=\"https:\/\/www.lefigaro.fr\/nantes\/pres-de-nantes-une-lyceenne-dans-un-etat-grave-apres-avoir-ete-poignardee-a-l-abdomen-20260410\" target=\"_blank\" rel=\"noopener\">Le Figaro<\/a>, t\u00e2n\u0103ra a fost \u00eenjunghiat\u0103 de mai multe ori \u00een abdomen, ceea ce a determinat o reac\u021bie rapid\u0103 din partea serviciilor de urgen\u021b\u0103.<\/p>\n<p style=\"text-align: left\">Echipele de interven\u021bie au sosit prompt la fa\u021ba locului, unde au administrat primele \u00eengrijiri victimei. Aceasta a fost apoi transportat\u0103 \u00een stare grav\u0103 la spitalul universitar din Nantes, unde a necesitat o interven\u021bie medical\u0103 de urgen\u021b\u0103 pentru a-i salva via\u021ba.<\/p>\n<p style=\"text-align: left\">Subprefectul \u0219i al\u021bi oficiali din prefectura Loire-Atlantique, care include ora\u0219ul Ancenis, s-au deplasat la locul incidentului pentru a evalua situa\u021bia. P\u00e2n\u0103 la publicarea informa\u021biei, nu fusese emis un punct de vedere oficial de c\u0103tre autorit\u0103\u021bi.<\/p>\n<p style=\"text-align: left\">Dup\u0103 atac, conducerea \u0219colii a activat o alert\u0103 anti-intruziune, o m\u0103sur\u0103 de securitate care implic\u0103 izolarea elevilor \u00een s\u0103lile de clas\u0103 \u0219i restric\u021bionarea accesului \u00een unitate. Elevii au fost \u021binu\u021bi sub supravegherea profesorilor p\u00e2n\u0103 c\u00e2nd for\u021bele de ordine au reu\u0219it s\u0103 securizeze zona.<\/p>\n<p style=\"text-align: left\">Din informa\u021biile ob\u021binute de presa local\u0103, se pare c\u0103 agresorul a fost imobilizat de c\u0103tre militarii Pelotonului de supraveghere \u0219i interven\u021bie al jandarmeriei (PSIG) din Ancenis, o unitate de reac\u021bie rapid\u0103. Identitatea acestuia nu a fost f\u0103cut\u0103 public\u0103 deocamdat\u0103, \u00eens\u0103 se \u0219tie c\u0103 este elev al acelea\u0219i \u0219coli.<\/p>\n<p style=\"text-align: left\">\u201eInterven\u021bia for\u021belor de ordine a fost rapid\u0103, iar agresorul a fost neutralizat f\u0103r\u0103 a se produce alte victime\u201d, au declarat surse apropiate anchetei, conform presei franceze.<\/p>\n<p style=\"text-align: left\">Acest incident re\u00eenvie amintiri dureroase, av\u00e2nd \u00een vedere c\u0103, \u00een urm\u0103 cu aproximativ un an, o alt\u0103 elev\u0103 de 15 ani din Nantes a fost ucis\u0103 de o coleg\u0103, dup\u0103 ce a fost \u00eenjunghiat\u0103 de mai multe ori. Cazul a \u0219ocat opinia public\u0103 francez\u0103 \u0219i a generat discu\u021bii intense asupra siguran\u021bei \u00een \u0219coli.<\/p>\n<p style=\"text-align: left\">\u00cen urma acestui incident, autorit\u0103\u021bile au deschis o anchet\u0103 pentru a clarifica circumstan\u021bele atacului \u0219i motiva\u021bia agresorului. De asemenea, elevii \u0219i cadrele didactice vor beneficia de suport psihologic pentru a face fa\u021b\u0103 impactului emo\u021bional generat de aceast\u0103 tragedie.<\/p>\n","protected":false},"excerpt":{"rendered":"<p>O elev\u0103 de liceu a fost victima unui atac violent la Joubert-\u00c9milien Maillard, o institu\u021bie educa\u021bional\u0103 care, p\u00e2n\u0103 acum, nu a fost asociat\u0103 cu incidente de violen\u021b\u0103. Conform Le Figaro, t\u00e2n\u0103ra a fost \u00eenjunghiat\u0103 de mai multe ori \u00een abdomen, ceea ce a determinat o reac\u021bie rapid\u0103 din partea serviciilor de urgen\u021b\u0103. Echipele de interven\u021bie [&hellip;]<\/p>\n","protected":false},"author":2,"featured_media":13174,"comment_status":"open","ping_status":"open","sticky":false,"template":"","format":"standard","meta":{"jnews-multi-image_gallery":[],"jnews_single_post":[],"jnews_primary_category":[],"jnews_override_counter":[],"footnotes":""},"categories":[39],"tags":[7642,15975,3985,11465,15978,15979,15977,15976],"class_list":["post-13173","post","type-post","status-publish","format-standard","has-post-thumbnail","hentry","category-stirile-zilei","tag-atac-violent","tag-eleva-liceu","tag-injunghiere","tag-interventie-medicala","tag-nantes","tag-prefectura-loire-atlantique","tag-securitate-scolara","tag-serviciile-de-urgenta"],"_links":{"self":[{"href":"https:\/\/www.newsrecorder.ro\/app\/wp-json\/wp\/v2\/posts\/13173","targetHints":{"allow":["GET"]}}],"collection":[{"href":"https:\/\/www.newsrecorder.ro\/app\/wp-json\/wp\/v2\/posts"}],"about":[{"href":"https:\/\/www.newsrecorder.ro\/app\/wp-json\/wp\/v2\/types\/post"}],"author":[{"embeddable":true,"href":"https:\/\/www.newsrecorder.ro\/app\/wp-json\/wp\/v2\/users\/2"}],"replies":[{"embeddable":true,"href":"https:\/\/www.newsrecorder.ro\/app\/wp-json\/wp\/v2\/comments?post=13173"}],"version-history":[{"count":0,"href":"https:\/\/www.newsrecorder.ro\/app\/wp-json\/wp\/v2\/posts\/13173\/revisions"}],"wp:featuredmedia":[{"embeddable":true,"href":"https:\/\/www.newsrecorder.ro\/app\/wp-json\/wp\/v2\/media\/13174"}],"wp:attachment":[{"href":"https:\/\/www.newsrecorder.ro\/app\/wp-json\/wp\/v2\/media?parent=13173"}],"wp:term":[{"taxonomy":"category","embeddable":true,"href":"https:\/\/www.newsrecorder.ro\/app\/wp-json\/wp\/v2\/categories?post=13173"},{"taxonomy":"post_tag","embeddable":true,"href":"https:\/\/www.newsrecorder.ro\/app\/wp-json\/wp\/v2\/tags?post=13173"}],"curies":[{"name":"wp","href":"https:\/\/api.w.org\/{rel}","templated":true}]}}