{"id":13179,"date":"2026-04-10T21:33:34","date_gmt":"2026-04-10T21:33:34","guid":{"rendered":"https:\/\/www.newsrecorder.ro\/app\/2026\/04\/10\/vreme-severa-in-bucuresti-de-vinerea-mare-anm-emite-avertizari\/"},"modified":"2026-04-10T21:33:34","modified_gmt":"2026-04-10T21:33:34","slug":"vreme-severa-in-bucuresti-de-vinerea-mare-anm-emite-avertizari","status":"publish","type":"post","link":"https:\/\/www.newsrecorder.ro\/app\/2026\/04\/10\/vreme-severa-in-bucuresti-de-vinerea-mare-anm-emite-avertizari\/","title":{"rendered":"Vreme sever\u0103 \u00een Bucure\u0219ti de Vinerea Mare: ANM emite avertiz\u0103ri!"},"content":{"rendered":"<p class=\"text-text-100 mt-3 -mb-1 text-[1.125rem] font-bold\">Bucure\u0219tiul se confrunt\u0103 cu o vreme rece, conform avertiz\u0103rilor emise de Administra\u021bia Na\u021bional\u0103 de Meteorologie (ANM). Temperaturile se vor men\u021bine sub normalul acestei perioade p\u00e2n\u0103 vineri diminea\u021b\u0103, cu maxime de 14-15 grade ast\u0103zi, \u00een sc\u0103dere ulterior la 11-13 grade joi. De asemenea, sunt prognozate ploi slabe \u00een dup\u0103-amiaza zilei de joi \u0219i posibil lapovi\u021b\u0103 pe parcursul nop\u021bii. Capitala se afl\u0103 sub alert\u0103 de vreme deosebit de rece.<\/p>\n<p class=\"font-claude-response-body break-words whitespace-normal leading-[1.7]\">\u00cen ziua de miercuri, \u00eentre orele 10:00 \u0219i 9:00 joi, vremea va fi caracterizat\u0103 prin \u00eennor\u0103ri temporare. \u00cen special \u00een a doua parte a zilei, se preconizeaz\u0103 <a href=\"https:\/\/www.mediafax.ro\/meteo\/informare-meteorologica-anm-vreme-rea-si-viscol-cu-rafale-de-pana-la-130-km-h-de-miercuri-pana-vineri-23716939\">ploi slabe<\/a>. V\u00e2ntul va sufla slab p\u00e2n\u0103 la moderat, iar temperatura maxim\u0103 va atinge 14-15 grade, cu o minim\u0103 ce va cobor\u00ee p\u00e2n\u0103 la aproximativ 3 grade.<\/p>\n<p class=\"font-claude-response-body break-words whitespace-normal leading-[1.7]\">\u00centre joi, ora 9:00, \u0219i vineri, ora 10:00, se va observa o r\u0103cire accentuat\u0103 a vremii. Cerul va fi predominant \u00eennorat, iar seara \u0219i noaptea sunt a\u0219teptate precipita\u021bii slabe sub form\u0103 de ploaie \u0219i, posibil, lapovi\u021b\u0103. V\u00e2ntul va continua s\u0103 fie slab \u0219i moderat, iar temperaturile maxime nu vor dep\u0103\u0219i 11-13 grade, iar minimele vor fi cuprinse \u00eentre 2 \u0219i 4 grade.<\/p>\n<p class=\"font-claude-response-body break-words whitespace-normal leading-[1.7]\">\u00cen perioada 8-10 aprilie, municipiul Bucure\u0219ti se afl\u0103 sub o informare meteorologic\u0103 pentru vreme deosebit de rece, cu valori termice ce se situeaz\u0103 sub cele obi\u0219nuite pentru aceast\u0103 etap\u0103 a anului.<\/p>\n","protected":false},"excerpt":{"rendered":"<p>Bucure\u0219tiul se confrunt\u0103 cu o vreme rece, conform avertiz\u0103rilor emise de Administra\u021bia Na\u021bional\u0103 de Meteorologie (ANM). Temperaturile se vor men\u021bine sub normalul acestei perioade p\u00e2n\u0103 vineri diminea\u021b\u0103, cu maxime de 14-15 grade ast\u0103zi, \u00een sc\u0103dere ulterior la 11-13 grade joi. De asemenea, sunt prognozate ploi slabe \u00een dup\u0103-amiaza zilei de joi \u0219i posibil lapovi\u021b\u0103 pe [&hellip;]<\/p>\n","protected":false},"author":5,"featured_media":13180,"comment_status":"open","ping_status":"open","sticky":false,"template":"","format":"standard","meta":{"jnews-multi-image_gallery":[],"jnews_single_post":[],"jnews_primary_category":[],"jnews_override_counter":[],"footnotes":""},"categories":[45],"tags":[1816,6516,15123,362,15524,15980,81,139],"class_list":["post-13179","post","type-post","status-publish","format-standard","has-post-thumbnail","hentry","category-meteo","tag-administratia-nationala-de-meteorologie","tag-alerta-meteo","tag-avertizari-meteo","tag-bucuresti","tag-ploi-slabe","tag-prognoza-vreme","tag-temperaturi-scazute","tag-vreme-rece"],"_links":{"self":[{"href":"https:\/\/www.newsrecorder.ro\/app\/wp-json\/wp\/v2\/posts\/13179","targetHints":{"allow":["GET"]}}],"collection":[{"href":"https:\/\/www.newsrecorder.ro\/app\/wp-json\/wp\/v2\/posts"}],"about":[{"href":"https:\/\/www.newsrecorder.ro\/app\/wp-json\/wp\/v2\/types\/post"}],"author":[{"embeddable":true,"href":"https:\/\/www.newsrecorder.ro\/app\/wp-json\/wp\/v2\/users\/5"}],"replies":[{"embeddable":true,"href":"https:\/\/www.newsrecorder.ro\/app\/wp-json\/wp\/v2\/comments?post=13179"}],"version-history":[{"count":0,"href":"https:\/\/www.newsrecorder.ro\/app\/wp-json\/wp\/v2\/posts\/13179\/revisions"}],"wp:featuredmedia":[{"embeddable":true,"href":"https:\/\/www.newsrecorder.ro\/app\/wp-json\/wp\/v2\/media\/13180"}],"wp:attachment":[{"href":"https:\/\/www.newsrecorder.ro\/app\/wp-json\/wp\/v2\/media?parent=13179"}],"wp:term":[{"taxonomy":"category","embeddable":true,"href":"https:\/\/www.newsrecorder.ro\/app\/wp-json\/wp\/v2\/categories?post=13179"},{"taxonomy":"post_tag","embeddable":true,"href":"https:\/\/www.newsrecorder.ro\/app\/wp-json\/wp\/v2\/tags?post=13179"}],"curies":[{"name":"wp","href":"https:\/\/api.w.org\/{rel}","templated":true}]}}