{"id":13187,"date":"2026-04-10T21:34:36","date_gmt":"2026-04-10T21:34:36","guid":{"rendered":"https:\/\/www.newsrecorder.ro\/app\/2026\/04\/10\/primavara-revine-in-romania-anm-dezvaluie-cand-ne-asteapta-caldura\/"},"modified":"2026-04-10T21:34:36","modified_gmt":"2026-04-10T21:34:36","slug":"primavara-revine-in-romania-anm-dezvaluie-cand-ne-asteapta-caldura","status":"publish","type":"post","link":"https:\/\/www.newsrecorder.ro\/app\/2026\/04\/10\/primavara-revine-in-romania-anm-dezvaluie-cand-ne-asteapta-caldura\/","title":{"rendered":"Prim\u0103vara revine \u00een Rom\u00e2nia: ANM dezv\u0103luie c\u00e2nd ne a\u0219teapt\u0103 c\u0103ldura!"},"content":{"rendered":"<p>Administra\u021bia Na\u021bional\u0103 de Meteorologie a efectuat o actualizare a prognozei meteo pentru luna urm\u0103toare, oferind o imagine detaliat\u0103 asupra evolu\u021biei vremii pe parcursul a patru s\u0103pt\u0103m\u00e2ni. Estim\u0103rile sugereaz\u0103 o tranzi\u021bie treptat\u0103 de la temperaturi sc\u0103zute la valori mai apropiate de normalitatea specific\u0103 prim\u0103verii.<\/p>\n<p><strong>S\u0103pt\u0103m\u00e2na 6\u201313 aprilie: cel mai rece interval<\/strong><\/p>\n<p>\u00cen prima s\u0103pt\u0103m\u00e2n\u0103, Rom\u00e2nia va experimenta abateri termice negative, cu o r\u0103coare pronun\u021bat\u0103 pe \u00eentreg teritoriul. Cele mai afectate zone vor fi regiunile montane \u0219i nord-estul \u021b\u0103rii, unde r\u0103coarea va fi resim\u021bit\u0103 mai acut. De asemenea, se preconizeaz\u0103 c\u0103 precipita\u021biile vor fi deficitare \u00een regiunile vestice, nord-vestice \u0219i centrale, \u00een timp ce \u00een celelalte zone, cantit\u0103\u021bile de precipita\u021bii vor fi apropiate de normalul perioadei.<\/p>\n<p><strong>S\u0103pt\u0103m\u00e2na 13\u201320 aprilie: sudul, \u00een continuare sub temperaturi normale<\/strong><\/p>\n<p>\u00cen aceast\u0103 s\u0103pt\u0103m\u00e2n\u0103, temperaturile vor continua s\u0103 r\u0103m\u00e2n\u0103 u\u0219or sub normal \u00een regiunile sudice \u0219i la munte. \u00cen restul \u021b\u0103rii, valorile termice se vor \u00eencadra \u00een limitele normale specifice sezonului. \u00cen ceea ce prive\u0219te precipita\u021biile, se estimeaz\u0103 o cantitate excedentar\u0103 \u00een sud \u0219i sud-est, \u00een timp ce \u00een celelalte regiuni regimul pluviometric va r\u0103m\u00e2ne \u00een general stabil, \u00een jurul valorilor normale.<\/p>\n<p><strong>S\u0103pt\u0103m\u00e2na 20\u201327 aprilie: se \u00eenc\u0103lze\u0219te \u00een zonele intracarpatice<\/strong><\/p>\n<p>A treia s\u0103pt\u0103m\u00e2n\u0103 va aduce o u\u0219oar\u0103 \u00eembun\u0103t\u0103\u021bire a vremii, cu temperaturi medii \u00eenregistrate \u00een regiunile intracarpatice, care vor fi u\u0219or mai ridicate dec\u00e2t cele specifice acestei perioade. \u00cen restul \u021b\u0103rii, se vor observa valori termice normale. Precipita\u021biile se vor men\u021bine \u00een jurul normalului \u00een majoritatea regiunilor.<\/p>\n<p><strong>S\u0103pt\u0103m\u00e2na 27 aprilie \u2013 4 mai: mai cald \u00een toat\u0103 \u021bara<\/strong><\/p>\n<p>Ultima s\u0103pt\u0103m\u00e2n\u0103 din aceast\u0103 prognoz\u0103 va aduce o schimbare semnificativ\u0103 fa\u021b\u0103 de \u00eenceputul lunii aprilie, cu temperaturi medii care vor dep\u0103\u0219i u\u0219or valorile normale pe \u00eentreg teritoriul Rom\u00e2niei. Regiunile intracarpatice vor sim\u021bi cel mai pronun\u021bat aceast\u0103 tendin\u021b\u0103 de \u00eenc\u0103lzire. Totodat\u0103, cantit\u0103\u021bile de precipita\u021bii se vor men\u021bine u\u0219or deficitare \u00een regiunile nordice, nord-estice \u0219i centrale, \u00een timp ce \u00een restul \u021b\u0103rii se vor \u00eencadra \u00een limitele normale.<\/p>\n","protected":false},"excerpt":{"rendered":"<p>Administra\u021bia Na\u021bional\u0103 de Meteorologie a efectuat o actualizare a prognozei meteo pentru luna urm\u0103toare, oferind o imagine detaliat\u0103 asupra evolu\u021biei vremii pe parcursul a patru s\u0103pt\u0103m\u00e2ni. Estim\u0103rile sugereaz\u0103 o tranzi\u021bie treptat\u0103 de la temperaturi sc\u0103zute la valori mai apropiate de normalitatea specific\u0103 prim\u0103verii. S\u0103pt\u0103m\u00e2na 6\u201313 aprilie: cel mai rece interval \u00cen prima s\u0103pt\u0103m\u00e2n\u0103, Rom\u00e2nia va [&hellip;]<\/p>\n","protected":false},"author":5,"featured_media":13188,"comment_status":"open","ping_status":"open","sticky":false,"template":"","format":"standard","meta":{"jnews-multi-image_gallery":[],"jnews_single_post":[],"jnews_primary_category":[],"jnews_override_counter":[],"footnotes":""},"categories":[45],"tags":[146,1375,135,141,4034,149,126,125],"class_list":["post-13187","post","type-post","status-publish","format-standard","has-post-thumbnail","hentry","category-meteo","tag-abateri-termice","tag-aprilie","tag-precipitatii","tag-prognoza-meteo","tag-regiuni","tag-romania","tag-temperaturi","tag-vreme"],"_links":{"self":[{"href":"https:\/\/www.newsrecorder.ro\/app\/wp-json\/wp\/v2\/posts\/13187","targetHints":{"allow":["GET"]}}],"collection":[{"href":"https:\/\/www.newsrecorder.ro\/app\/wp-json\/wp\/v2\/posts"}],"about":[{"href":"https:\/\/www.newsrecorder.ro\/app\/wp-json\/wp\/v2\/types\/post"}],"author":[{"embeddable":true,"href":"https:\/\/www.newsrecorder.ro\/app\/wp-json\/wp\/v2\/users\/5"}],"replies":[{"embeddable":true,"href":"https:\/\/www.newsrecorder.ro\/app\/wp-json\/wp\/v2\/comments?post=13187"}],"version-history":[{"count":0,"href":"https:\/\/www.newsrecorder.ro\/app\/wp-json\/wp\/v2\/posts\/13187\/revisions"}],"wp:featuredmedia":[{"embeddable":true,"href":"https:\/\/www.newsrecorder.ro\/app\/wp-json\/wp\/v2\/media\/13188"}],"wp:attachment":[{"href":"https:\/\/www.newsrecorder.ro\/app\/wp-json\/wp\/v2\/media?parent=13187"}],"wp:term":[{"taxonomy":"category","embeddable":true,"href":"https:\/\/www.newsrecorder.ro\/app\/wp-json\/wp\/v2\/categories?post=13187"},{"taxonomy":"post_tag","embeddable":true,"href":"https:\/\/www.newsrecorder.ro\/app\/wp-json\/wp\/v2\/tags?post=13187"}],"curies":[{"name":"wp","href":"https:\/\/api.w.org\/{rel}","templated":true}]}}