{"id":13211,"date":"2026-04-10T21:58:56","date_gmt":"2026-04-10T21:58:56","guid":{"rendered":"https:\/\/www.newsrecorder.ro\/app\/2026\/04\/10\/biserica-sfantului-mormant-se-redeschide-dupa-40-de-zile-de-inchidere\/"},"modified":"2026-04-10T21:58:56","modified_gmt":"2026-04-10T21:58:56","slug":"biserica-sfantului-mormant-se-redeschide-dupa-40-de-zile-de-inchidere","status":"publish","type":"post","link":"https:\/\/www.newsrecorder.ro\/app\/2026\/04\/10\/biserica-sfantului-mormant-se-redeschide-dupa-40-de-zile-de-inchidere\/","title":{"rendered":"Biserica Sf\u00e2ntului Morm\u00e2nt se redeschide dup\u0103 40 de zile de \u00eenchidere!"},"content":{"rendered":"<p>Biserica Sf\u00e2ntului Morm\u00e2nt din Ierusalim s-a redeschis dup\u0103 o perioad\u0103 de 40 de zile \u00een care au fost impuse restric\u021bii din cauza conflictului din Orientul Mijlociu. Acest eveniment le ofer\u0103 credincio\u0219ilor ocazia de a participa, \u00een acest an, la ceremonia primirii <a style=\"color: #0000ff\" href=\"https:\/\/www.mediafax.ro\/social\/sfanta-lumina-ajunge-in-romania-cu-o-cursa-speciala-o-misiune-sub-semnul-restrictiilor-din-ierusalim-23715785\">Sfintei Lumini<\/a>, conform informa\u021biilor furnizate de <a href=\"https:\/\/basilica.ro\/biserica-sf-mormant-redeschisa-credinciosi-participare-ceremonie-primire-sf-lumina\/\">basilica.ro<\/a>.<\/p>\n<p>Decizia de redeschidere a fost anun\u021bat\u0103 de Poli\u021bia Israelian\u0103, care a subliniat c\u0103 acest pas a fost posibil datorit\u0103 modific\u0103rilor \u00een politica de ap\u0103rare \u0219i actualiz\u0103rii instruc\u021biunilor Comandamentului Frontului Intern.<\/p>\n<p>\u201e\u00cencep\u00e2nd din diminea\u021ba zilei de joi, 9 aprilie 2026, locurile sfinte din Ierusalim vor fi din nou accesibile pentru vizite \u0219i rug\u0103ciune\u201d, se men\u021bioneaz\u0103 \u00een comunicatul oficial al Poli\u021biei israeliene.<\/p>\n<p>Pe l\u00e2ng\u0103 Biserica Sf\u00e2ntului Morm\u00e2nt, autorit\u0103\u021bile au redeschis \u0219i alte site-uri de o importan\u021b\u0103 religioas\u0103 major\u0103, cum ar fi Zidul Pl\u00e2ngerii \u0219i Muntele Templului. Aceast\u0103 redeschidere vine \u00eenso\u021bit\u0103 de m\u0103suri de securitate sporite, av\u00e2nd \u00een vedere c\u0103 se a\u0219teapt\u0103 un aflux considerabil de pelerini \u00een perioada s\u0103rb\u0103torilor pascale.<\/p>\n<p>Conform declara\u021biilor oficiale, sute de poli\u021bi\u0219ti, membri ai Poli\u021biei de Frontier\u0103 \u0219i voluntari vor fi desf\u0103\u0219ura\u021bi \u00een \u00eentregul ora\u0219, cu accent pe Ora\u0219ul Vechi \u0219i zonele religioase, pentru a asigura desf\u0103\u0219urarea \u00een siguran\u021b\u0103 a evenimentelor.<\/p>\n<p>Credincio\u0219ii sunt \u00eendemna\u021bi s\u0103 respecte indica\u021biile for\u021belor de ordine \u0219i s\u0103 fie aten\u021bi la aglomera\u021bie.<\/p>\n<p>Redeschiderea Bisericii Sf\u00e2ntului Morm\u00e2nt face posibil\u0103, teoretic, participarea credincio\u0219ilor la ceremonia Sfintei Lumini, un moment deosebit de important \u00een cadrul s\u0103rb\u0103torii Pa\u0219telui ortodox. Totu\u0219i, detaliile organiz\u0103rii slujbei de \u00cenviere r\u0103m\u00e2n de stabilit, urm\u00e2nd ca o decizie final\u0103 s\u0103 fie luat\u0103 dup\u0103 consult\u0103ri \u00eentre Patriarhia Ierusalimului \u0219i autorit\u0103\u021bile din Ora\u0219ul Vechi.<\/p>\n<p>\u00cen diminea\u021ba Sfintei \u0219i Marii Joi, deja s-au oficiat primele slujbe, inclusiv Sf\u00e2nta Liturghie cu r\u00e2nduiala sp\u0103l\u0103rii picioarelor, condus\u0103 de Patriarhul Teofil al III-lea al Ierusalimului, \u00een fa\u021ba unui num\u0103r semnificativ de credincio\u0219i.<\/p>\n<p>De asemenea, \u0219i \u00een acest an, Patriarhia Rom\u00e2n\u0103 va organiza transportul Sfintei Lumini de la Ierusalim. Aceasta va fi adus\u0103 printr-o curs\u0103 special\u0103 \u00een S\u00e2mb\u0103ta Mare \u0219i va fi distribuit\u0103 delega\u021bilor eparhiilor la Aeroportul Interna\u021bional \u201eHenri Coand\u0103\u201d din Bucure\u0219ti.<\/p>\n<p>Redeschiderea Bisericii Sf\u00e2ntului Morm\u00e2nt reprezint\u0103 un moment crucial pentru credincio\u0219ii din \u00eentreaga lume, venind dup\u0103 s\u0103pt\u0103m\u00e2ni de restric\u021bii, \u0219i readuce speran\u021ba unei particip\u0103ri mai ample la celebrarea \u00cenvierii Domnului.<\/p>\n","protected":false},"excerpt":{"rendered":"<p>Biserica Sf\u00e2ntului Morm\u00e2nt din Ierusalim s-a redeschis dup\u0103 o perioad\u0103 de 40 de zile \u00een care au fost impuse restric\u021bii din cauza conflictului din Orientul Mijlociu. Acest eveniment le ofer\u0103 credincio\u0219ilor ocazia de a participa, \u00een acest an, la ceremonia primirii Sfintei Lumini, conform informa\u021biilor furnizate de basilica.ro. Decizia de redeschidere a fost anun\u021bat\u0103 de [&hellip;]<\/p>\n","protected":false},"author":7,"featured_media":13212,"comment_status":"open","ping_status":"open","sticky":false,"template":"","format":"standard","meta":{"jnews-multi-image_gallery":[],"jnews_single_post":[],"jnews_primary_category":[],"jnews_override_counter":[],"footnotes":""},"categories":[43],"tags":[15753,12474,15756,15984,15755,692,15754,15757],"class_list":["post-13211","post","type-post","status-publish","format-standard","has-post-thumbnail","hentry","category-cultura","tag-biserica-sfantului-mormant","tag-ierusalim","tag-locuri-sfinte","tag-muntele-templului","tag-politia-israeliana","tag-restrictii","tag-sfanta-lumina","tag-zidul-plangerii"],"_links":{"self":[{"href":"https:\/\/www.newsrecorder.ro\/app\/wp-json\/wp\/v2\/posts\/13211","targetHints":{"allow":["GET"]}}],"collection":[{"href":"https:\/\/www.newsrecorder.ro\/app\/wp-json\/wp\/v2\/posts"}],"about":[{"href":"https:\/\/www.newsrecorder.ro\/app\/wp-json\/wp\/v2\/types\/post"}],"author":[{"embeddable":true,"href":"https:\/\/www.newsrecorder.ro\/app\/wp-json\/wp\/v2\/users\/7"}],"replies":[{"embeddable":true,"href":"https:\/\/www.newsrecorder.ro\/app\/wp-json\/wp\/v2\/comments?post=13211"}],"version-history":[{"count":0,"href":"https:\/\/www.newsrecorder.ro\/app\/wp-json\/wp\/v2\/posts\/13211\/revisions"}],"wp:featuredmedia":[{"embeddable":true,"href":"https:\/\/www.newsrecorder.ro\/app\/wp-json\/wp\/v2\/media\/13212"}],"wp:attachment":[{"href":"https:\/\/www.newsrecorder.ro\/app\/wp-json\/wp\/v2\/media?parent=13211"}],"wp:term":[{"taxonomy":"category","embeddable":true,"href":"https:\/\/www.newsrecorder.ro\/app\/wp-json\/wp\/v2\/categories?post=13211"},{"taxonomy":"post_tag","embeddable":true,"href":"https:\/\/www.newsrecorder.ro\/app\/wp-json\/wp\/v2\/tags?post=13211"}],"curies":[{"name":"wp","href":"https:\/\/api.w.org\/{rel}","templated":true}]}}