{"id":13215,"date":"2026-04-10T21:59:29","date_gmt":"2026-04-10T21:59:29","guid":{"rendered":"https:\/\/www.newsrecorder.ro\/app\/2026\/04\/10\/acuzatiile-de-abuz-eliminate-din-filmul-despre-michael-jackson-iata-motivele\/"},"modified":"2026-04-10T21:59:29","modified_gmt":"2026-04-10T21:59:29","slug":"acuzatiile-de-abuz-eliminate-din-filmul-despre-michael-jackson-iata-motivele","status":"publish","type":"post","link":"https:\/\/www.newsrecorder.ro\/app\/2026\/04\/10\/acuzatiile-de-abuz-eliminate-din-filmul-despre-michael-jackson-iata-motivele\/","title":{"rendered":"Acuza\u021biile de abuz eliminate din filmul despre Michael Jackson: Iat\u0103 motivele!"},"content":{"rendered":"<p>Filmul \u201eMichael\u201d a avut parte de mai multe am\u00e2n\u0103ri \u00een ceea ce prive\u0219te lansarea sa, care ini\u021bial era programat\u0103 pentru aprilie 2025. Acum, premiera este stabilit\u0103 pentru s\u0103pt\u0103m\u00e2na care \u00eencepe pe 22 aprilie 2026. Conform publica\u021biei <a href=\"https:\/\/variety.com\/2026\/film\/news\/michael-movie-reshoots-removing-child-abuse-allegations-1236710221\/\" target=\"_blank\" rel=\"noopener\">Variety<\/a>, \u00eent\u00e2rzierile s-au datorat refacerii complete a ultimei p\u0103r\u021bi a filmului \u0219i elimin\u0103rii unor scene importante.<\/p>\n<p>Una dintre cele mai notabile modific\u0103ri a fost eliminarea referin\u021belor la acuza\u021biile de abuz sexual ce au fost aduse lui Michael Jackson \u00een anii &#8217;90. Scenariul original \u00eencepea cu o scen\u0103 din 1993, anul \u00een care c\u00e2nt\u0103re\u021bul a fost acuzat pentru prima dat\u0103 de abuz asupra lui Jordan Chandler, un minor de 13 ani. \u00cens\u0103, produc\u0103torii au descoperit c\u0103 \u00een acordul de \u00een\u021belegere cu familia Chandler exista o clauz\u0103 care interzicea men\u021bionarea cazului sau a numelui acestuia \u00een produc\u021bii cinematografice. Din aceast\u0103 cauz\u0103, finalul filmului a necesitat o rescriere complet\u0103.<\/p>\n<p>Film\u0103rile suplimentare, desf\u0103\u0219urate \u00een iunie anul trecut, au implicat reunirea actorilor pentru a filma noile scene, proces care a durat aproximativ 22 de zile. Costurile acestor film\u0103ri adi\u021bionale sunt estimate \u00eentre 10 \u0219i 15 milioane de dolari, ad\u0103ug\u00e2ndu-se astfel la un buget total deja considerabil de aproximativ 155 de milioane de dolari. Organiza\u021bia care administreaz\u0103 patrimoniul lui Michael Jackson va acoperi cheltuielile suplimentare. Dup\u0103 modific\u0103rile aduse, ac\u021biunea filmului nu va mai explora perioada acuza\u021biilor din anii &#8217;90, ci se va concentra pe anul 1987, c\u00e2nd Michael se preg\u0103tea pentru turneul albumului \u201eBad\u201d. Unul dintre cele mai controversate aspecte ale vie\u021bii artistului, rela\u021bia sa tensionat\u0103 cu tat\u0103l s\u0103u, Joe Jackson, va fi prezentat \u00een film. Rolul lui Michael este interpretat de Jaafar Jackson, nepotul artistului, iar Joe Jackson este jucat de actorul Colman Domingo.<\/p>\n<p>Michael Jackson, care a decedat \u00een 2009, a fost subiectul unor acuza\u021bii, dar aceste discu\u021bii au fost mai pu\u021bin publice \u00een acea perioad\u0103. \u00cen 2019, documentarul \u201eLeaving Neverland\u201d a readus \u00een discu\u021bie aceste acuza\u021bii, prezent\u00e2nd m\u0103rturiile a doi b\u0103rba\u021bi care au sus\u021binut c\u0103 au fost abuza\u021bi de artist \u00een copil\u0103rie. Totu\u0219i, popularitatea muzicii lui Michael Jackson r\u0103m\u00e2ne ridicat\u0103, iar produc\u0103torii filmului au mari a\u0219tept\u0103ri \u00een ceea ce prive\u0219te \u00eencas\u0103rile. Estim\u0103rile sugereaz\u0103 c\u0103 pelicula ar putea genera peste 55 de milioane de dolari \u00een primul weekend \u00een Statele Unite \u0219i aproximativ 700 de milioane de dolari la nivel global.<\/p>\n","protected":false},"excerpt":{"rendered":"<p>Filmul \u201eMichael\u201d a avut parte de mai multe am\u00e2n\u0103ri \u00een ceea ce prive\u0219te lansarea sa, care ini\u021bial era programat\u0103 pentru aprilie 2025. Acum, premiera este stabilit\u0103 pentru s\u0103pt\u0103m\u00e2na care \u00eencepe pe 22 aprilie 2026. Conform publica\u021biei Variety, \u00eent\u00e2rzierile s-au datorat refacerii complete a ultimei p\u0103r\u021bi a filmului \u0219i elimin\u0103rii unor scene importante. Una dintre cele [&hellip;]<\/p>\n","protected":false},"author":7,"featured_media":13216,"comment_status":"open","ping_status":"open","sticky":false,"template":"","format":"standard","meta":{"jnews-multi-image_gallery":[],"jnews_single_post":[],"jnews_primary_category":[],"jnews_override_counter":[],"footnotes":""},"categories":[43],"tags":[6595,15760,223,4646,15986,15759,782,258],"class_list":["post-13215","post","type-post","status-publish","format-standard","has-post-thumbnail","hentry","category-cultura","tag-abuz-sexual","tag-amanari","tag-film","tag-lansare","tag-michael","tag-michael-jackson","tag-productie","tag-scenariu"],"_links":{"self":[{"href":"https:\/\/www.newsrecorder.ro\/app\/wp-json\/wp\/v2\/posts\/13215","targetHints":{"allow":["GET"]}}],"collection":[{"href":"https:\/\/www.newsrecorder.ro\/app\/wp-json\/wp\/v2\/posts"}],"about":[{"href":"https:\/\/www.newsrecorder.ro\/app\/wp-json\/wp\/v2\/types\/post"}],"author":[{"embeddable":true,"href":"https:\/\/www.newsrecorder.ro\/app\/wp-json\/wp\/v2\/users\/7"}],"replies":[{"embeddable":true,"href":"https:\/\/www.newsrecorder.ro\/app\/wp-json\/wp\/v2\/comments?post=13215"}],"version-history":[{"count":0,"href":"https:\/\/www.newsrecorder.ro\/app\/wp-json\/wp\/v2\/posts\/13215\/revisions"}],"wp:featuredmedia":[{"embeddable":true,"href":"https:\/\/www.newsrecorder.ro\/app\/wp-json\/wp\/v2\/media\/13216"}],"wp:attachment":[{"href":"https:\/\/www.newsrecorder.ro\/app\/wp-json\/wp\/v2\/media?parent=13215"}],"wp:term":[{"taxonomy":"category","embeddable":true,"href":"https:\/\/www.newsrecorder.ro\/app\/wp-json\/wp\/v2\/categories?post=13215"},{"taxonomy":"post_tag","embeddable":true,"href":"https:\/\/www.newsrecorder.ro\/app\/wp-json\/wp\/v2\/tags?post=13215"}],"curies":[{"name":"wp","href":"https:\/\/api.w.org\/{rel}","templated":true}]}}