{"id":13249,"date":"2026-04-11T05:08:19","date_gmt":"2026-04-11T05:08:19","guid":{"rendered":"https:\/\/www.newsrecorder.ro\/app\/2026\/04\/11\/iarmaroc-la-sat-revine-la-cluj-trei-zile-de-magie-in-parc\/"},"modified":"2026-04-11T05:08:19","modified_gmt":"2026-04-11T05:08:19","slug":"iarmaroc-la-sat-revine-la-cluj-trei-zile-de-magie-in-parc","status":"publish","type":"post","link":"https:\/\/www.newsrecorder.ro\/app\/2026\/04\/11\/iarmaroc-la-sat-revine-la-cluj-trei-zile-de-magie-in-parc\/","title":{"rendered":"Iarmaroc la Sat revine la Cluj: Trei zile de magie \u00een parc!"},"content":{"rendered":"<p style=\"text-align: left\">Festivalul Iarmaroc la Sat se preg\u0103te\u0219te pentru cea de-a treia edi\u021bie, care va avea loc \u00een perioada 15-17 mai 2026, la Parcul Etnografic \u201eRomulus Vuia\u201d din Cluj-Napoca. Deschiderea va avea loc vineri dup\u0103-amiaz\u0103, iar organizatorii promit o experien\u021b\u0103 vibrant\u0103, plin\u0103 de soare, iarb\u0103 verde \u0219i un sentiment de bucurie de a petrece timp \u00een aer liber, printre case vechi \u0219i livezi.<\/p>\n<p style=\"text-align: left\">Edi\u021bia din acest an va aduce \u00eempreun\u0103 peste 100 de creatori \u0219i branduri independente, oferind vizitatorilor ocazia de a explora un t\u00e2rg diversificat. Programul include nu doar expozi\u021bii de art\u0103, sculptur\u0103 \u0219i fotografie, ci \u0219i concerte acustice captivante, care vor transforma atmosfera festivalului.<\/p>\n<p style=\"text-align: left\">Pe l\u00e2ng\u0103 acestea, participan\u021bii se pot bucura de o serie de ateliere de crea\u021bie, variind de la piel\u0103rie \u0219i indigo la macram\u00e9, lum\u00e2n\u0103ri \u0219i ol\u0103rit. De asemenea, vor fi organizate spectacole de comedie \u0219i activit\u0103\u021bi interactive pentru copii, cum ar fi jocuri, magie \u0219i zone de relaxare.<\/p>\n<p style=\"text-align: left\">Festivalul va include \u0219i un segment dedicat muzicii pe vinil, unde vizitatorii pot asculta selec\u021bii de groove, funk \u0219i soul, precum \u0219i o pia\u021b\u0103 de viniluri \u0219i o zon\u0103 de vechituri, ad\u0103ug\u00e2nd un strop de nostalgie \u0219i autenticitate evenimentului.<\/p>\n<p style=\"text-align: left\">Un alt element distinctiv al festivalului este \u201e\u0218ez\u0103toarea cu Merinde\u201d, un spa\u021biu dedicat produc\u0103torilor locali, unde vizitatorii pot descoperi produse artizanale \u0219i se pot bucura de momente de convivialitate, st\u00e2nd \u00eempreun\u0103 la aceea\u0219i mas\u0103.<\/p>\n<p style=\"text-align: left\">Pentru cei \u00een c\u0103utarea relax\u0103rii, festivalul va amenaja \u201eHamacul cultural\u201d, un loc special unde participan\u021bii se pot destinde \u0219i savura atmosfera de festival.<\/p>\n<p>\u00cen plus, organizatorii introduc o nou\u0103 scen\u0103, denumit\u0103 \u201eScena de G\u0103sit\u201d, care va oferi un cadru intim, amplasat\u0103 \u00eentr-o instala\u021bie de \u021besut de mari dimensiuni. Acest spa\u021biu este destinat muzicienilor la \u00eenceput de drum, care doresc s\u0103 c\u00e2nte aproape de public, f\u0103r\u0103 distan\u021be sau bariere, \u00eentr-o atmosfer\u0103 prietenoas\u0103: \u201eTu, instrumentul t\u0103u, \u0219i un mic grup de suflete care au ales s\u0103 asculte \u00een tihn\u0103\u201d, spun organizatorii.<\/p>\n<p>Arti\u0219tii vor avea la dispozi\u021bie sloturi de aproximativ 30 de minute \u0219i vor putea urca pe scen\u0103 \u00een formule de maximum dou\u0103 persoane, av\u00e2nd astfel ocazia de a interac\u021biona direct cu publicul.<\/p>\n<p style=\"text-align: left\">La edi\u021bia precedent\u0103, festivalul a reunit peste 8.800 de participan\u021bi, al\u0103turi de zeci de creatori \u0219i arti\u0219ti. Pentru edi\u021bia din 2026, organizatorii au pus \u00een v\u00e2nzare abonamente la pre\u021b redus, disponibile \u00een avans. Accesul este gratuit pentru copiii sub 14 ani, seniorii cu v\u00e2rste de peste 65 de ani \u0219i persoanele cu dizabilit\u0103\u021bi, \u00eencuraj\u00e2nd astfel o participare divers\u0103.<\/p>\n<p style=\"text-align: left\">De asemenea, participan\u021bii sunt bineveni\u021bi s\u0103 vin\u0103 \u00eenso\u021bi\u021bi de animalele de companie, cu condi\u021bia respect\u0103rii regulilor de convie\u021buire. \u201eS\u0103 fie de comitet!\u201d, au ad\u0103ugat organizatorii, subliniind importan\u021ba unei atmosfere prietenoase \u0219i incluzive.<\/p>\n<p>IARMAROC.com este un proiect dedicat sprijinirii creatorilor independen\u021bi, \u00eencuraj\u00e2nd creativitatea \u0219i produc\u021bia local\u0103. Festivalul \u201eIarmaroc la Sat\u201d este organizat de Asocia\u021bia pentru Inovare Artistic\u0103, care dezvolt\u0103 proiecte culturale, \u00een colaborare cu platforma IARMAROC.com. De asemenea, festivalul beneficiaz\u0103 de co-finan\u021bare din partea Administra\u021biei Fondului Cultural Na\u021bional, institu\u021bie care sus\u021bine ini\u021biativele culturale din Rom\u00e2nia.<\/p>\n","protected":false},"excerpt":{"rendered":"<p>Festivalul Iarmaroc la Sat se preg\u0103te\u0219te pentru cea de-a treia edi\u021bie, care va avea loc \u00een perioada 15-17 mai 2026, la Parcul Etnografic \u201eRomulus Vuia\u201d din Cluj-Napoca. Deschiderea va avea loc vineri dup\u0103-amiaz\u0103, iar organizatorii promit o experien\u021b\u0103 vibrant\u0103, plin\u0103 de soare, iarb\u0103 verde \u0219i un sentiment de bucurie de a petrece timp \u00een aer [&hellip;]<\/p>\n","protected":false},"author":7,"featured_media":13250,"comment_status":"open","ping_status":"open","sticky":false,"template":"","format":"standard","meta":{"jnews-multi-image_gallery":[],"jnews_single_post":[],"jnews_primary_category":[],"jnews_override_counter":[],"footnotes":""},"categories":[43],"tags":[16024,2367,7289,1187,11370,16023,245,16022],"class_list":["post-13249","post","type-post","status-publish","format-standard","has-post-thumbnail","hentry","category-cultura","tag-activitati-interactive","tag-arta","tag-ateliere","tag-cluj-napoca","tag-concerte","tag-creatori","tag-festival","tag-iarmaroc"],"_links":{"self":[{"href":"https:\/\/www.newsrecorder.ro\/app\/wp-json\/wp\/v2\/posts\/13249","targetHints":{"allow":["GET"]}}],"collection":[{"href":"https:\/\/www.newsrecorder.ro\/app\/wp-json\/wp\/v2\/posts"}],"about":[{"href":"https:\/\/www.newsrecorder.ro\/app\/wp-json\/wp\/v2\/types\/post"}],"author":[{"embeddable":true,"href":"https:\/\/www.newsrecorder.ro\/app\/wp-json\/wp\/v2\/users\/7"}],"replies":[{"embeddable":true,"href":"https:\/\/www.newsrecorder.ro\/app\/wp-json\/wp\/v2\/comments?post=13249"}],"version-history":[{"count":0,"href":"https:\/\/www.newsrecorder.ro\/app\/wp-json\/wp\/v2\/posts\/13249\/revisions"}],"wp:featuredmedia":[{"embeddable":true,"href":"https:\/\/www.newsrecorder.ro\/app\/wp-json\/wp\/v2\/media\/13250"}],"wp:attachment":[{"href":"https:\/\/www.newsrecorder.ro\/app\/wp-json\/wp\/v2\/media?parent=13249"}],"wp:term":[{"taxonomy":"category","embeddable":true,"href":"https:\/\/www.newsrecorder.ro\/app\/wp-json\/wp\/v2\/categories?post=13249"},{"taxonomy":"post_tag","embeddable":true,"href":"https:\/\/www.newsrecorder.ro\/app\/wp-json\/wp\/v2\/tags?post=13249"}],"curies":[{"name":"wp","href":"https:\/\/api.w.org\/{rel}","templated":true}]}}