{"id":13269,"date":"2026-04-11T06:08:00","date_gmt":"2026-04-11T06:08:00","guid":{"rendered":"https:\/\/www.newsrecorder.ro\/app\/2026\/04\/11\/sfanta-lumina-de-la-ierusalim-un-plan-de-rezerva-surprinzator\/"},"modified":"2026-04-11T06:08:00","modified_gmt":"2026-04-11T06:08:00","slug":"sfanta-lumina-de-la-ierusalim-un-plan-de-rezerva-surprinzator","status":"publish","type":"post","link":"https:\/\/www.newsrecorder.ro\/app\/2026\/04\/11\/sfanta-lumina-de-la-ierusalim-un-plan-de-rezerva-surprinzator\/","title":{"rendered":"Sf\u00e2nta Lumin\u0103 de la Ierusalim: Un Plan de Rezerv\u0103 Surprinz\u0103tor!"},"content":{"rendered":"<p class=\"font-claude-response-body break-words whitespace-normal leading-[1.7]\">Delega\u021bii eparhiilor Patriarhiei Rom\u00e2ne se preg\u0103tesc s\u0103 preia Sf\u00e2nta Lumin\u0103 direct de la Aeroportul Interna\u021bional \u201eOtopeni\u201d. Aceast\u0103 misiune special\u0103 va fi realizat\u0103 de p\u0103rintele arhimandrit Ioan Meiu, Superiorul A\u0219ez\u0103mintelor Patriarhiei Rom\u00e2ne la Locurile Sfinte, care va transporta personal flac\u0103ra sacra p\u00e2n\u0103 \u00een Rom\u00e2nia.<\/p>\n<p class=\"font-claude-response-body break-words whitespace-normal leading-[1.7]\">Dup\u0103 ce Sf\u00e2nta Lumin\u0103 va fi preluat\u0103 de la Otopeni, distribu\u021bia sa va fi realizat\u0103 printr-un sistem bine organizat. Centrele eparhiale sunt cele care vor prelua Lumina de la delega\u021bi, iar ulterior, prin intermediul protopopiatelor, aceasta va ajunge \u00een fiecare parohie din \u021bar\u0103.<\/p>\n<p class=\"font-claude-response-body break-words whitespace-normal leading-[1.7]\">Se preconizeaz\u0103 ca, \u00een jurul orei 19.00, Sf\u00e2nta Lumin\u0103 s\u0103 fie primit\u0103 la Catedrala Patriarhal\u0103 istoric\u0103 \u201eSfin\u021bii \u00cemp\u0103ra\u021bi Constantin \u0219i Elena\u201d. Preafericitul P\u0103rinte Patriarh Daniel va conduce acest moment solemn al primirii.<\/p>\n<p class=\"font-claude-response-body break-words whitespace-normal leading-[1.7]\">Aducerea Sfintei Lumini nu este doar un gest liturgic; este un simbol al unit\u0103\u021bii Bisericii Ortodoxe Rom\u00e2ne. Patriarhia Rom\u00e2n\u0103 subliniaz\u0103 c\u0103 aceast\u0103 tradi\u021bie reprezint\u0103 o expresie a comuniunii \u0219i bucuriei pascale, celebr\u00e2nd \u00cenvierea Domnului Iisus Hristos. Tradi\u021bia a fost ini\u021biat\u0103 \u00een 2009, la propunerea Patriarhului Daniel, \u0219i de atunci, Sf\u00e2nta Lumin\u0103 ajunge anual \u00een Rom\u00e2nia \u00een S\u00e2mb\u0103ta Mare.<\/p>\n<p class=\"font-claude-response-body break-words whitespace-normal leading-[1.7]\">\u00cen contextul geopolitic actual, care este marcat de tensiuni, Patriarhia recunoa\u0219te riscurile ce ar putea afecta aducerea Sfintei Lumini. Escaladarea conflictului din Orientul Mijlociu ar putea influen\u021ba logistica transportului, dar institu\u021bia asigur\u0103 c\u0103 toate m\u0103surile necesare sunt luate pentru a respecta tradi\u021bia.<\/p>\n<p class=\"font-claude-response-body break-words whitespace-normal leading-[1.7]\">\u00cen cazul unei situa\u021bii de for\u021b\u0103 major\u0103, este preg\u0103tit un plan de rezerv\u0103. De exemplu, Sf\u00e2nta Lumin\u0103 adus\u0103 din Ierusalim \u00een 2025 a fost p\u0103strat\u0103 continuu aprins\u0103 \u00eentr-o candel\u0103 special\u0103 la Catedrala Patriarhal\u0103, situat\u0103 pe Colina Bucuriei din Bucure\u0219ti. Dac\u0103 zborul din 2026 nu va putea fi realizat, flac\u0103ra din aceast\u0103 candel\u0103 va fi oferit\u0103 credincio\u0219ilor, asigur\u00e2nd astfel continuitatea simbolic\u0103 a Sfintei Lumini, indiferent de circumstan\u021be.<\/p>\n","protected":false},"excerpt":{"rendered":"<p>Delega\u021bii eparhiilor Patriarhiei Rom\u00e2ne se preg\u0103tesc s\u0103 preia Sf\u00e2nta Lumin\u0103 direct de la Aeroportul Interna\u021bional \u201eOtopeni\u201d. Aceast\u0103 misiune special\u0103 va fi realizat\u0103 de p\u0103rintele arhimandrit Ioan Meiu, Superiorul A\u0219ez\u0103mintelor Patriarhiei Rom\u00e2ne la Locurile Sfinte, care va transporta personal flac\u0103ra sacra p\u00e2n\u0103 \u00een Rom\u00e2nia. Dup\u0103 ce Sf\u00e2nta Lumin\u0103 va fi preluat\u0103 de la Otopeni, distribu\u021bia sa [&hellip;]<\/p>\n","protected":false},"author":2,"featured_media":13270,"comment_status":"open","ping_status":"open","sticky":false,"template":"","format":"standard","meta":{"jnews-multi-image_gallery":[],"jnews_single_post":[],"jnews_primary_category":[],"jnews_override_counter":[],"footnotes":""},"categories":[39],"tags":[16063,16064,16065,16067,14161,16068,16062,16066],"class_list":["post-13269","post","type-post","status-publish","format-standard","has-post-thumbnail","hentry","category-stirile-zilei","tag-aeroportul-otopeni","tag-arhimandrit-ioan-meiu","tag-catedrala-patriarhala","tag-delegatii-eparhiale","tag-patriarhia-romana","tag-protopopiate","tag-sfinta-lumina","tag-unitate-biserica-ortodoxa"],"_links":{"self":[{"href":"https:\/\/www.newsrecorder.ro\/app\/wp-json\/wp\/v2\/posts\/13269","targetHints":{"allow":["GET"]}}],"collection":[{"href":"https:\/\/www.newsrecorder.ro\/app\/wp-json\/wp\/v2\/posts"}],"about":[{"href":"https:\/\/www.newsrecorder.ro\/app\/wp-json\/wp\/v2\/types\/post"}],"author":[{"embeddable":true,"href":"https:\/\/www.newsrecorder.ro\/app\/wp-json\/wp\/v2\/users\/2"}],"replies":[{"embeddable":true,"href":"https:\/\/www.newsrecorder.ro\/app\/wp-json\/wp\/v2\/comments?post=13269"}],"version-history":[{"count":0,"href":"https:\/\/www.newsrecorder.ro\/app\/wp-json\/wp\/v2\/posts\/13269\/revisions"}],"wp:featuredmedia":[{"embeddable":true,"href":"https:\/\/www.newsrecorder.ro\/app\/wp-json\/wp\/v2\/media\/13270"}],"wp:attachment":[{"href":"https:\/\/www.newsrecorder.ro\/app\/wp-json\/wp\/v2\/media?parent=13269"}],"wp:term":[{"taxonomy":"category","embeddable":true,"href":"https:\/\/www.newsrecorder.ro\/app\/wp-json\/wp\/v2\/categories?post=13269"},{"taxonomy":"post_tag","embeddable":true,"href":"https:\/\/www.newsrecorder.ro\/app\/wp-json\/wp\/v2\/tags?post=13269"}],"curies":[{"name":"wp","href":"https:\/\/api.w.org\/{rel}","templated":true}]}}