{"id":13295,"date":"2026-04-11T14:09:52","date_gmt":"2026-04-11T14:09:52","guid":{"rendered":"https:\/\/www.newsrecorder.ro\/app\/2026\/04\/11\/sprijin-surprinzator-premierul-cehiei-se-alatura-lui-viktor-orban\/"},"modified":"2026-04-11T14:09:52","modified_gmt":"2026-04-11T14:09:52","slug":"sprijin-surprinzator-premierul-cehiei-se-alatura-lui-viktor-orban","status":"publish","type":"post","link":"https:\/\/www.newsrecorder.ro\/app\/2026\/04\/11\/sprijin-surprinzator-premierul-cehiei-se-alatura-lui-viktor-orban\/","title":{"rendered":"Sprijin surprinz\u0103tor: Premierul Cehiei se al\u0103tur\u0103 lui Viktor Orban!"},"content":{"rendered":"<p>Prim-ministrul ceh, Andrej Babis, a transmis s\u00e2mb\u0103t\u0103 un mesaj de sprijin pentru omologul s\u0103u ungar, Viktor Orban, cu doar o zi \u00eenainte de alegerile parlamentare din Ungaria, unde tensiunile politice cresc semnificativ, conform Reuters.<\/p>\n<p>Viktor Orban, care se afl\u0103 la conducerea Ungariei de 16 ani, se confrunt\u0103, potrivit sondajelor, cu o competi\u021bie acerb\u0103 din partea opozi\u021biei, condus\u0103 de Peter Magyar, ceea ce ar putea marca o schimbare semnificativ\u0103 pe scena politic\u0103 ungar\u0103.<\/p>\n<p>\u00centr-un mesaj postat pe platforma X, premierul Babis a declarat clar c\u0103 \u00eel sus\u021bine pe Orban: \u201e\u00cel sus\u021bin pe Viktor Orban duminic\u0103. El a luptat \u00eentotdeauna pentru o Europ\u0103 mai puternic\u0103, una construit\u0103 pe pace, na\u021biuni suverane, state membre suverane, competitivitate\u201d, a afirmat Babis.<\/p>\n<p>De asemenea, acesta a ad\u0103ugat: \u201e\u00cen vremuri tulburi, alegerea stabilit\u0103\u021bii \u0219i a unei conduceri dovedite conteaz\u0103 mai mult ca niciodat\u0103.\u201d<\/p>\n<p>Andrej Babis, cunoscut ca om de afaceri \u0219i lider politic de influen\u021b\u0103 \u00een Europa Central\u0103, a trecut de la o orientare pro-european\u0103 la o apropiere de Viktor Orban, integr\u00e2ndu-se \u00eentr-un curent politic comun \u00een Parlamentul European.<\/p>\n<p>Rela\u021bia dintre cei doi lideri s-a \u00eent\u0103rit \u00een ultimii ani, \u00een special \u00een contextul pozi\u021biilor comune din zona conservatoare \u0219i eurosceptic\u0103.<\/p>\n<p>Politica intern\u0103 a Cehiei a suferit modific\u0103ri semnificative dup\u0103 revenirea lui Babis la conducere. Aceste schimb\u0103ri includ reducerea sprijinului pentru Ucraina \u0219i refuzul de a participa la diverse ini\u021biative financiare europene destinate Kievului.<\/p>\n<p>Guvernul lui Babis promoveaz\u0103 reforme \u00een mai multe domenii, precum energie, media public\u0103 \u0219i reglementarea organiza\u021biilor civice, m\u0103suri care au fost criticate de opozi\u021bie.<\/p>\n<p>Criticii acestor direc\u021bii sus\u021bin c\u0103 ele urmeaz\u0103 modele politice deja aplicate \u00een alte state din regiune \u0219i ridic\u0103 \u00eentreb\u0103ri cu privire la respectarea standardelor democratice.<\/p>\n","protected":false},"excerpt":{"rendered":"<p>Prim-ministrul ceh, Andrej Babis, a transmis s\u00e2mb\u0103t\u0103 un mesaj de sprijin pentru omologul s\u0103u ungar, Viktor Orban, cu doar o zi \u00eenainte de alegerile parlamentare din Ungaria, unde tensiunile politice cresc semnificativ, conform Reuters. Viktor Orban, care se afl\u0103 la conducerea Ungariei de 16 ani, se confrunt\u0103, potrivit sondajelor, cu o competi\u021bie acerb\u0103 din partea [&hellip;]<\/p>\n","protected":false},"author":2,"featured_media":13296,"comment_status":"open","ping_status":"open","sticky":false,"template":"","format":"standard","meta":{"jnews-multi-image_gallery":[],"jnews_single_post":[],"jnews_primary_category":[],"jnews_override_counter":[],"footnotes":""},"categories":[41],"tags":[3160,16087,699,2600,269,726,1924,2103],"class_list":["post-13295","post","type-post","status-publish","format-standard","has-post-thumbnail","hentry","category-externe","tag-alegeri-parlamentare","tag-andrej-babis","tag-europa","tag-opozitie","tag-politica","tag-suport","tag-ungaria","tag-viktor-orban"],"_links":{"self":[{"href":"https:\/\/www.newsrecorder.ro\/app\/wp-json\/wp\/v2\/posts\/13295","targetHints":{"allow":["GET"]}}],"collection":[{"href":"https:\/\/www.newsrecorder.ro\/app\/wp-json\/wp\/v2\/posts"}],"about":[{"href":"https:\/\/www.newsrecorder.ro\/app\/wp-json\/wp\/v2\/types\/post"}],"author":[{"embeddable":true,"href":"https:\/\/www.newsrecorder.ro\/app\/wp-json\/wp\/v2\/users\/2"}],"replies":[{"embeddable":true,"href":"https:\/\/www.newsrecorder.ro\/app\/wp-json\/wp\/v2\/comments?post=13295"}],"version-history":[{"count":0,"href":"https:\/\/www.newsrecorder.ro\/app\/wp-json\/wp\/v2\/posts\/13295\/revisions"}],"wp:featuredmedia":[{"embeddable":true,"href":"https:\/\/www.newsrecorder.ro\/app\/wp-json\/wp\/v2\/media\/13296"}],"wp:attachment":[{"href":"https:\/\/www.newsrecorder.ro\/app\/wp-json\/wp\/v2\/media?parent=13295"}],"wp:term":[{"taxonomy":"category","embeddable":true,"href":"https:\/\/www.newsrecorder.ro\/app\/wp-json\/wp\/v2\/categories?post=13295"},{"taxonomy":"post_tag","embeddable":true,"href":"https:\/\/www.newsrecorder.ro\/app\/wp-json\/wp\/v2\/tags?post=13295"}],"curies":[{"name":"wp","href":"https:\/\/api.w.org\/{rel}","templated":true}]}}