{"id":13325,"date":"2026-04-11T18:53:35","date_gmt":"2026-04-11T18:53:35","guid":{"rendered":"https:\/\/www.newsrecorder.ro\/app\/2026\/04\/11\/macron-indeamna-iranul-timpul-pentru-o-dezescaladare-este-acum\/"},"modified":"2026-04-11T18:53:35","modified_gmt":"2026-04-11T18:53:35","slug":"macron-indeamna-iranul-timpul-pentru-o-dezescaladare-este-acum","status":"publish","type":"post","link":"https:\/\/www.newsrecorder.ro\/app\/2026\/04\/11\/macron-indeamna-iranul-timpul-pentru-o-dezescaladare-este-acum\/","title":{"rendered":"Macron \u00eendeamn\u0103 Iranul: Timpul pentru o dezescaladare este acum!"},"content":{"rendered":"<p>Emmanuel Macron a avut recent discu\u021bii cu pre\u0219edintele turc Recep Tayyip Erdogan \u0219i cu prin\u021bul mo\u0219tenitor saudit Mohammed bin Salman, conform informa\u021biilor publicate de <a href=\"https:\/\/www.lefigaro.fr\/international\/guerre-en-iran-macron-invite-l-iran-a-saisir-l-opportunite-des-discussions-au-pakistan-pour-une-desescalade-durable-20260411\" target=\"_blank\" rel=\"noopener\">Le Figaro<\/a>.<\/p>\n<p>\u00cen contextul \u00een care Statele Unite, Pakistanul \u0219i Iranul au \u00eenceput dialoguri trilaterale, pre\u0219edintele francez i-a solicitat lui Massoud Pezeshkian s\u0103 valorifice oportunitatea discu\u021biilor de la Islamabad. Macron a subliniat importan\u021ba acestei ocazii pentru a facilita o dezescaladare durabil\u0103 \u0219i pentru a ajunge la un acord solid care s\u0103 asigure garan\u021bii de securitate pentru toate na\u021biunile implicate. De asemenea, el a accentuat necesitatea ca Iranul s\u0103 revin\u0103 rapid la libertatea \u0219i securitatea naviga\u021biei \u00een Str\u00e2mtoarea Ormuz, preciz\u00e2nd c\u0103 Fran\u021ba este dispus\u0103 s\u0103 contribuie \u00een acest sens. Pre\u0219edintele a insistat, de asemenea, pe importan\u021ba respect\u0103rii armisti\u021biului, inclusiv \u00een Liban.<\/p>\n<p>\u00centr-o postare recent\u0103 pe platforma X, Macron a men\u021bionat c\u0103 a avut o discu\u021bie cu Mohammed bin Salman, convenind s\u0103 men\u021bin\u0103 un contact str\u00e2ns pentru a contribui la dezescaladare, la asigurarea libert\u0103\u021bii naviga\u021biei \u0219i la finalizarea unui acord \u00een Orientul Mijlociu. El a reiterat sprijinul s\u0103u pentru un armisti\u021biu care trebuie s\u0103 fie respectat pe deplin \u0219i extins f\u0103r\u0103 \u00eent\u00e2rziere \u00een Liban, subliniind, de asemenea, necesitatea de a restabili naviga\u021bia complet liber\u0103 \u0219i sigur\u0103 \u00een Str\u00e2mtoarea Hormuz c\u00e2t mai cur\u00e2nd posibil.<\/p>\n<p>Un armisti\u021biu fragil \u00eentre Iran \u0219i Statele Unite a intrat \u00een a patra zi s\u00e2mb\u0103t\u0103, coinciz\u00e2nd cu sosirea vicepre\u0219edintelui american JD Vance la Islamabad, al\u0103turi de o delega\u021bie iranian\u0103. Aceasta reprezint\u0103 o etap\u0103 semnificativ\u0103 \u00een discu\u021biile directe \u00eentre cele dou\u0103 \u021b\u0103ri, marc\u00e2nd un nivel f\u0103r\u0103 precedent de dialog \u00eentre inamicii din perioada post-Revolu\u021biei Islamice din Iran din 1979.<\/p>\n","protected":false},"excerpt":{"rendered":"<p>Emmanuel Macron a avut recent discu\u021bii cu pre\u0219edintele turc Recep Tayyip Erdogan \u0219i cu prin\u021bul mo\u0219tenitor saudit Mohammed bin Salman, conform informa\u021biilor publicate de Le Figaro. \u00cen contextul \u00een care Statele Unite, Pakistanul \u0219i Iranul au \u00eenceput dialoguri trilaterale, pre\u0219edintele francez i-a solicitat lui Massoud Pezeshkian s\u0103 valorifice oportunitatea discu\u021biilor de la Islamabad. Macron a [&hellip;]<\/p>\n","protected":false},"author":2,"featured_media":13326,"comment_status":"open","ping_status":"open","sticky":false,"template":"","format":"standard","meta":{"jnews-multi-image_gallery":[],"jnews_single_post":[],"jnews_primary_category":[],"jnews_override_counter":[],"footnotes":""},"categories":[39],"tags":[2209,2446,2838,2710,16117,874,8772,679],"class_list":["post-13325","post","type-post","status-publish","format-standard","has-post-thumbnail","hentry","category-stirile-zilei","tag-armistitiu","tag-dezescaladare","tag-erdogan","tag-macron","tag-mohammed-bin-salman","tag-securitate","tag-stramtoarea-ormuz","tag-trilaterale"],"_links":{"self":[{"href":"https:\/\/www.newsrecorder.ro\/app\/wp-json\/wp\/v2\/posts\/13325","targetHints":{"allow":["GET"]}}],"collection":[{"href":"https:\/\/www.newsrecorder.ro\/app\/wp-json\/wp\/v2\/posts"}],"about":[{"href":"https:\/\/www.newsrecorder.ro\/app\/wp-json\/wp\/v2\/types\/post"}],"author":[{"embeddable":true,"href":"https:\/\/www.newsrecorder.ro\/app\/wp-json\/wp\/v2\/users\/2"}],"replies":[{"embeddable":true,"href":"https:\/\/www.newsrecorder.ro\/app\/wp-json\/wp\/v2\/comments?post=13325"}],"version-history":[{"count":0,"href":"https:\/\/www.newsrecorder.ro\/app\/wp-json\/wp\/v2\/posts\/13325\/revisions"}],"wp:featuredmedia":[{"embeddable":true,"href":"https:\/\/www.newsrecorder.ro\/app\/wp-json\/wp\/v2\/media\/13326"}],"wp:attachment":[{"href":"https:\/\/www.newsrecorder.ro\/app\/wp-json\/wp\/v2\/media?parent=13325"}],"wp:term":[{"taxonomy":"category","embeddable":true,"href":"https:\/\/www.newsrecorder.ro\/app\/wp-json\/wp\/v2\/categories?post=13325"},{"taxonomy":"post_tag","embeddable":true,"href":"https:\/\/www.newsrecorder.ro\/app\/wp-json\/wp\/v2\/tags?post=13325"}],"curies":[{"name":"wp","href":"https:\/\/api.w.org\/{rel}","templated":true}]}}