{"id":1335,"date":"2026-02-03T00:50:09","date_gmt":"2026-02-03T00:50:09","guid":{"rendered":"https:\/\/www.newsrecorder.ro\/app\/2026\/02\/03\/francezul-care-a-scris-un-roman-fara-litera-e-cine-este-si-ce-l-face-fascinant\/"},"modified":"2026-02-03T00:50:09","modified_gmt":"2026-02-03T00:50:09","slug":"francezul-care-a-scris-un-roman-fara-litera-e-cine-este-si-ce-l-face-fascinant","status":"publish","type":"post","link":"https:\/\/www.newsrecorder.ro\/app\/2026\/02\/03\/francezul-care-a-scris-un-roman-fara-litera-e-cine-este-si-ce-l-face-fascinant\/","title":{"rendered":"Francezul care a scris un roman f\u0103r\u0103 litera \u201ee\u201d: Cine este \u0219i ce-l face fascinant?"},"content":{"rendered":"<p>\u201eLa Disparition\u201d (Dispari\u021bia), roman publicat \u00een 1969, a propulsat autorul s\u0103u, George Perec, \u00een lumina reflectoarelor literare.<\/p>\n<p>Cu un volum de 300 de pagini, cartea nu este deloc o lucrare de neglijat. Perec \u00ee\u0219i propune un experiment literar fascinant: un roman care exclude vocala \u201ee\u201d, cea mai frecvent utilizat\u0103 \u00een limba francez\u0103.<\/p>\n<p>Acesta este, de fapt, un exerci\u021biu de tip lipogram\u0103 \u2013 un text scris f\u0103r\u0103 a folosi o liter\u0103 specific\u0103. \u00cens\u0103, mult mai semnificativ dec\u00e2t realizarea tehnic\u0103 este motivul din spatele acestei alegeri. Absen\u021ba literelor nu este doar un capriciu, ci un mesaj profund.<\/p>\n<p>\u201eE\u201d-ul lips\u0103 simbolizeaz\u0103 o absen\u021b\u0103 \u0219i mai mare: mama lui Perec. Aceasta a fost deportat\u0103 la Auschwitz \u0219i a murit \u00een timpul Holocaustului, \u00een timp ce tat\u0103l s\u0103u a fost ucis pe front \u00een timpul celui de-Al Doilea R\u0103zboi Mondial.<\/p>\n<p>Astfel, absen\u021ba vocalei \u201ee\u201d devine o metafor\u0103 a durerii \u0219i a pierderii. De\u0219i nu este men\u021bionat\u0103 \u00een mod direct, aceasta r\u0103zbate din fiecare pagin\u0103, fiind o durere surd\u0103 \u0219i implacabil\u0103 care nu poate fi ignorat\u0103.<\/p>\n<p>Georges Perec s-a n\u0103scut \u00een 1936, la Paris, \u00eentr-o familie de evrei polonezi, iar copil\u0103ria sa a fost marcat\u0103 de pierderi, r\u0103zboi \u0219i t\u0103cere \u2013 fundamente morale ce au influen\u021bat profund opera sa.<\/p>\n<p>Aceste experien\u021be traumatizante se reg\u0103sesc constant \u00een scrierile lui, chiar \u0219i atunci c\u00e2nd abordeaz\u0103 teme aparent banale.<\/p>\n<p>Perec a fost parte a grupului Oulipo (Ouvroir de litt\u00e9ratures potentielles \u2013 Atelier de literatur\u0103 poten\u021bial\u0103), o comunitate de scriitori \u0219i matematicieni dedica\u021bi explor\u0103rii constr\u00e2ngerilor formale. Ace\u0219tia credeau c\u0103 limit\u0103rile nu sufoc\u0103 creativitatea, ci dimpotriv\u0103, o stimuleaz\u0103.<\/p>\n<p>Astfel, romanul s\u0103u nu este doar un joc literar, ci reprezint\u0103 o filosofie a scrisului. A reduce pe Perec la statutul de \u201escriitor al romanului f\u0103r\u0103 \u201ee\u201d ar fi o nedreptate major\u0103.<\/p>\n<p>Pasiunea lui pentru obiectele m\u0103runte \u0219i aparent nesemnificative \u2013 precum apartamente, liste, obiceiuri \u0219i gesturi repetitive \u2013 transform\u0103 banalul \u00een constant\u0103 a existen\u021bei. \u00cen \u201eLes Choses\u201d, el analizeaz\u0103 obsesia consumului unui cuplu t\u00e2n\u0103r, iar \u00een \u201eJe me Souviens\u201d (\u00cemi amintesc), a adunat sute de fragmente de memorie, l\u0103s\u00e2ndu-le f\u0103r\u0103 o form\u0103 definit\u0103, demonstr\u00e2ndu-\u0219i astfel talentul de inventator \u0219i clasificator.<\/p>\n<p>Spectacolul creat de Perec const\u0103 \u00een faptul c\u0103 nu caut\u0103 cu lum\u00e2narea. \u00centr-o er\u0103 a algoritmilor \u0219i regulilor stricte, sensul poate fi g\u0103sit tocmai \u00een absen\u021b\u0103.<\/p>\n<p>Romanul s\u0103u cap\u0103t\u0103 for\u021b\u0103 din lips\u0103, iar aceast\u0103 idee se poate aplica \u0219i \u00een lumea contemporan\u0103: for\u021ba poate fi cultivat\u0103 din constr\u00e2ngere.<\/p>\n<p>Prin mesajul s\u0103u, Perec ne invit\u0103 s\u0103 reflect\u0103m asupra absen\u021bei ca pe o surs\u0103 de structur\u0103 \u0219i nu de haos. Aceasta este o lec\u021bie care ar putea ghida c\u0103ut\u0103rile noastre interioare.<\/p>\n<p>\u00centr-o lume zgomotoas\u0103, absen\u021ba ofer\u0103 claritate, nu confuzie. De\u0219i a murit la doar 45 de ani, Perec a l\u0103sat \u00een urm\u0103 o oper\u0103 complex\u0103, dar u\u0219or de recunoscut, cu texte ce par a fi jocuri, dar care ascund r\u0103ni profunde.<\/p>\n<p>Mo\u0219tenirea sa r\u0103m\u00e2ne relevant\u0103: t\u0103cerea comunic\u0103 adesea mai mult dec\u00e2t cuvintele.<\/p>\n","protected":false},"excerpt":{"rendered":"<p>\u201eLa Disparition\u201d (Dispari\u021bia), roman publicat \u00een 1969, a propulsat autorul s\u0103u, George Perec, \u00een lumina reflectoarelor literare. Cu un volum de 300 de pagini, cartea nu este deloc o lucrare de neglijat. Perec \u00ee\u0219i propune un experiment literar fascinant: un roman care exclude vocala \u201ee\u201d, cea mai frecvent utilizat\u0103 \u00een limba francez\u0103. Acesta este, de [&hellip;]<\/p>\n","protected":false},"author":7,"featured_media":1336,"comment_status":"open","ping_status":"open","sticky":false,"template":"","format":"standard","meta":{"jnews-multi-image_gallery":[],"jnews_single_post":[],"jnews_primary_category":[],"jnews_override_counter":[],"footnotes":""},"categories":[43],"tags":[2331,2327,2334,2328,2332,2330,2333,2329],"class_list":["post-1335","post","type-post","status-publish","format-standard","has-post-thumbnail","hentry","category-cultura","tag-absenta","tag-disparitie","tag-durere","tag-george-perec","tag-holocaust","tag-lipograma","tag-metafora","tag-roman"],"_links":{"self":[{"href":"https:\/\/www.newsrecorder.ro\/app\/wp-json\/wp\/v2\/posts\/1335","targetHints":{"allow":["GET"]}}],"collection":[{"href":"https:\/\/www.newsrecorder.ro\/app\/wp-json\/wp\/v2\/posts"}],"about":[{"href":"https:\/\/www.newsrecorder.ro\/app\/wp-json\/wp\/v2\/types\/post"}],"author":[{"embeddable":true,"href":"https:\/\/www.newsrecorder.ro\/app\/wp-json\/wp\/v2\/users\/7"}],"replies":[{"embeddable":true,"href":"https:\/\/www.newsrecorder.ro\/app\/wp-json\/wp\/v2\/comments?post=1335"}],"version-history":[{"count":0,"href":"https:\/\/www.newsrecorder.ro\/app\/wp-json\/wp\/v2\/posts\/1335\/revisions"}],"wp:featuredmedia":[{"embeddable":true,"href":"https:\/\/www.newsrecorder.ro\/app\/wp-json\/wp\/v2\/media\/1336"}],"wp:attachment":[{"href":"https:\/\/www.newsrecorder.ro\/app\/wp-json\/wp\/v2\/media?parent=1335"}],"wp:term":[{"taxonomy":"category","embeddable":true,"href":"https:\/\/www.newsrecorder.ro\/app\/wp-json\/wp\/v2\/categories?post=1335"},{"taxonomy":"post_tag","embeddable":true,"href":"https:\/\/www.newsrecorder.ro\/app\/wp-json\/wp\/v2\/tags?post=1335"}],"curies":[{"name":"wp","href":"https:\/\/api.w.org\/{rel}","templated":true}]}}