{"id":13357,"date":"2026-04-11T20:30:21","date_gmt":"2026-04-11T20:30:21","guid":{"rendered":"https:\/\/www.newsrecorder.ro\/app\/2026\/04\/11\/primavara-revine-in-romania-anm-dezvaluie-cand-se-schimba-vremea\/"},"modified":"2026-04-11T20:30:21","modified_gmt":"2026-04-11T20:30:21","slug":"primavara-revine-in-romania-anm-dezvaluie-cand-se-schimba-vremea","status":"publish","type":"post","link":"https:\/\/www.newsrecorder.ro\/app\/2026\/04\/11\/primavara-revine-in-romania-anm-dezvaluie-cand-se-schimba-vremea\/","title":{"rendered":"Prim\u0103vara revine \u00een Rom\u00e2nia: ANM dezv\u0103luie c\u00e2nd se schimb\u0103 vremea!"},"content":{"rendered":"<p class=\"font-claude-response-body break-words whitespace-normal leading-[1.7]\"><a href=\"https:\/\/www.meteoromania.ro\/\" target=\"_blank\" rel=\"noopener\">Administra\u021bia Na\u021bional\u0103 de Meteorologie<\/a> a prezentat o actualizare a prognozei meteo pentru luna urm\u0103toare, oferind estim\u0103ri pe parcursul a patru s\u0103pt\u0103m\u00e2ni. Previziunile sugereaz\u0103 o evolu\u021bie treptat\u0103 a vremii, \u00eencep\u00e2nd cu temperaturi mai sc\u0103zute \u0219i culmin\u00e2nd cu valori mai apropiate de normalul sezonului de prim\u0103var\u0103.<\/p>\n<p class=\"font-claude-response-body break-words whitespace-normal leading-[1.7]\"><strong>S\u0103pt\u0103m\u00e2na 6\u201313 aprilie: cel mai rece interval<\/strong><\/p>\n<p class=\"font-claude-response-body break-words whitespace-normal leading-[1.7]\">\u00cen prima s\u0103pt\u0103m\u00e2n\u0103, se a\u0219teapt\u0103 abateri termice <a href=\"https:\/\/www.mediafax.ro\/meteo\/anm-vremea-se-raceste-in-saptamana-mare-cod-galben-de-vant-in-peste-jumatate-de-tara-judetele-vizate-harta-23715618\">negative<\/a> pe \u00eentreg teritoriul Rom\u00e2niei. Cele mai afectate zone vor fi cele montane \u0219i regiunea de nord-est, unde r\u0103coarea va fi resim\u021bit\u0103 cu intensitate. \u00cen ceea ce prive\u0219te precipita\u021biile, acestea se vor dovedi deficitare \u00een regiunile vestice, nord-vestice \u0219i centrale, \u00een timp ce restul \u021b\u0103rii va beneficia de cantit\u0103\u021bi de precipita\u021bii apropiate de normalul sezonier.<\/p>\n<p class=\"font-claude-response-body break-words whitespace-normal leading-[1.7]\"><strong>S\u0103pt\u0103m\u00e2na 13\u201320 aprilie: sudul, \u00een continuare sub temperaturi normale<\/strong><\/p>\n<p class=\"font-claude-response-body break-words whitespace-normal leading-[1.7]\">Temperaturile se vor men\u021bine u\u0219or mai sc\u0103zute dec\u00e2t media normal\u0103 \u00een regiunile sudice \u0219i montane. \u00cen schimb, celelalte zone ale \u021b\u0103rii vor experimenta valori termice care se \u00eencadreaz\u0103 \u00een limitele normale pentru aceast\u0103 perioad\u0103. Din punct de vedere al precipita\u021biilor, se anticipeaz\u0103 o cantitate excedentar\u0103 \u00een sud \u0219i sud-est, \u00een timp ce \u00een restul \u021b\u0103rii regimul pluviometric va r\u0103m\u00e2ne \u00een jurul valorilor normale.<\/p>\n<p class=\"font-claude-response-body break-words whitespace-normal leading-[1.7]\"><strong>S\u0103pt\u0103m\u00e2na 20\u201327 aprilie: se \u00eenc\u0103lze\u0219te \u00een zonele intracarpatice<\/strong><\/p>\n<p class=\"font-claude-response-body break-words whitespace-normal leading-[1.7]\">Cea de-a treia s\u0103pt\u0103m\u00e2n\u0103 va aduce o u\u0219oar\u0103 \u00eembun\u0103t\u0103\u021bire a temperaturilor. Regiunile intracarpatice vor \u00eenregistra valori medii u\u0219or mai ridicate dec\u00e2t cele specifice acestei perioade, \u00een timp ce restul \u021b\u0103rii va avea temperaturi normale. Precipita\u021biile se vor men\u021bine, \u00een majoritatea regiunilor, \u00een limitele normale.<\/p>\n<p class=\"font-claude-response-body break-words whitespace-normal leading-[1.7]\"><strong>S\u0103pt\u0103m\u00e2na 27 aprilie \u2013 4 mai: mai cald \u00een toat\u0103 \u021bara<\/strong><\/p>\n<p class=\"font-claude-response-body break-words whitespace-normal leading-[1.7]\">Ultima s\u0103pt\u0103m\u00e2n\u0103 din acest interval va aduce o schimbare semnificativ\u0103 fa\u021b\u0103 de \u00eenceputul lunii aprilie. Temperaturile medii vor dep\u0103\u0219i u\u0219or valorile normale pe \u00eentreg teritoriul Rom\u00e2niei, cu regiunile intracarpatice resim\u021bind cel mai pronun\u021bat acest trend de \u00eenc\u0103lzire. De asemenea, cantit\u0103\u021bile de precipita\u021bii vor oscila u\u0219or deficitar \u00een regiunile nordice, nord-estice \u0219i centrale, \u00een timp ce \u00een restul \u021b\u0103rii se vor men\u021bine \u00een general apropiate de normal.<\/p>\n","protected":false},"excerpt":{"rendered":"<p>Administra\u021bia Na\u021bional\u0103 de Meteorologie a prezentat o actualizare a prognozei meteo pentru luna urm\u0103toare, oferind estim\u0103ri pe parcursul a patru s\u0103pt\u0103m\u00e2ni. Previziunile sugereaz\u0103 o evolu\u021bie treptat\u0103 a vremii, \u00eencep\u00e2nd cu temperaturi mai sc\u0103zute \u0219i culmin\u00e2nd cu valori mai apropiate de normalul sezonului de prim\u0103var\u0103. S\u0103pt\u0103m\u00e2na 6\u201313 aprilie: cel mai rece interval \u00cen prima s\u0103pt\u0103m\u00e2n\u0103, se [&hellip;]<\/p>\n","protected":false},"author":5,"featured_media":13358,"comment_status":"open","ping_status":"open","sticky":false,"template":"","format":"standard","meta":{"jnews-multi-image_gallery":[],"jnews_single_post":[],"jnews_primary_category":[],"jnews_override_counter":[],"footnotes":""},"categories":[45],"tags":[1816,16134,8439,3233,141,16135,149,81],"class_list":["post-13357","post","type-post","status-publish","format-standard","has-post-thumbnail","hentry","category-meteo","tag-administratia-nationala-de-meteorologie","tag-evolutie-vreme","tag-precipitatii-deficitare","tag-primavara","tag-prognoza-meteo","tag-regiuni-sudice","tag-romania","tag-temperaturi-scazute"],"_links":{"self":[{"href":"https:\/\/www.newsrecorder.ro\/app\/wp-json\/wp\/v2\/posts\/13357","targetHints":{"allow":["GET"]}}],"collection":[{"href":"https:\/\/www.newsrecorder.ro\/app\/wp-json\/wp\/v2\/posts"}],"about":[{"href":"https:\/\/www.newsrecorder.ro\/app\/wp-json\/wp\/v2\/types\/post"}],"author":[{"embeddable":true,"href":"https:\/\/www.newsrecorder.ro\/app\/wp-json\/wp\/v2\/users\/5"}],"replies":[{"embeddable":true,"href":"https:\/\/www.newsrecorder.ro\/app\/wp-json\/wp\/v2\/comments?post=13357"}],"version-history":[{"count":0,"href":"https:\/\/www.newsrecorder.ro\/app\/wp-json\/wp\/v2\/posts\/13357\/revisions"}],"wp:featuredmedia":[{"embeddable":true,"href":"https:\/\/www.newsrecorder.ro\/app\/wp-json\/wp\/v2\/media\/13358"}],"wp:attachment":[{"href":"https:\/\/www.newsrecorder.ro\/app\/wp-json\/wp\/v2\/media?parent=13357"}],"wp:term":[{"taxonomy":"category","embeddable":true,"href":"https:\/\/www.newsrecorder.ro\/app\/wp-json\/wp\/v2\/categories?post=13357"},{"taxonomy":"post_tag","embeddable":true,"href":"https:\/\/www.newsrecorder.ro\/app\/wp-json\/wp\/v2\/tags?post=13357"}],"curies":[{"name":"wp","href":"https:\/\/api.w.org\/{rel}","templated":true}]}}