{"id":13397,"date":"2026-04-11T22:14:08","date_gmt":"2026-04-11T22:14:08","guid":{"rendered":"https:\/\/www.newsrecorder.ro\/app\/2026\/04\/11\/casa-alba-riposteaza-george-clooney-criticat-pentru-comentariile-despre-trump-si-iran-2\/"},"modified":"2026-04-11T22:14:08","modified_gmt":"2026-04-11T22:14:08","slug":"casa-alba-riposteaza-george-clooney-criticat-pentru-comentariile-despre-trump-si-iran-2","status":"publish","type":"post","link":"https:\/\/www.newsrecorder.ro\/app\/2026\/04\/11\/casa-alba-riposteaza-george-clooney-criticat-pentru-comentariile-despre-trump-si-iran-2\/","title":{"rendered":"Casa Alb\u0103 riposteaz\u0103: George Clooney, criticat pentru comentariile despre Trump \u0219i Iran"},"content":{"rendered":"<p>Recenta controvers\u0103 a izbucnit \u00een contextul tensiunilor cresc\u00e2nde dintre Statele Unite \u0219i Iran, cu c\u00e2teva zile \u00eenainte de anun\u021bul unui armisti\u021biu de dou\u0103 s\u0103pt\u0103m\u00e2ni \u00eentre cele dou\u0103 \u021b\u0103ri. Actorul George Clooney a criticat vehement declara\u021biile pre\u0219edintelui Donald Trump, care a amenin\u021bat pe re\u021belele sociale c\u0103 \u201eo \u00eentreag\u0103 civiliza\u021bie va muri \u00een aceast\u0103 noapte\u201d dac\u0103 Iranul nu va accepta condi\u021biile impuse de Washington. Clooney a abordat aceast\u0103 situa\u021bie \u00een fa\u021ba elevilor de liceu, \u00een cadrul unui eveniment desf\u0103\u0219urat \u00een ora\u0219ul Cuneo, Italia, subliniind c\u0103 astfel de afirma\u021bii dep\u0103\u0219esc limitele acceptabilit\u0103\u021bii \u00een discursul politic, conform celor relatate de <a href=\"https:\/\/www.euronews.com\/culture\/2026\/04\/09\/white-house-slams-george-clooneys-acting-ability-following-iran-threats-clooney-responds\" target=\"_blank\" rel=\"noopener\">Euronews<\/a>.<\/p>\n<p>\u201eUnii sus\u021bin c\u0103 Donald Trump este \u00een regul\u0103. Dar atunci c\u00e2nd cineva afirm\u0103 c\u0103 dore\u0219te s\u0103 distrug\u0103 o civiliza\u021bie, acest lucru poate fi considerat un act de crim\u0103 de r\u0103zboi\u201d, a declarat Clooney. Actorul a subliniat c\u0103, \u00een ciuda legitimit\u0103\u021bii dezbaterii politice, exist\u0103 limite morale care nu ar trebui dep\u0103\u0219ite. \u201ePo\u021bi avea opinii conservatoare, dar exist\u0103 o linie a decen\u021bei pe care nu o putem trece\u201d, a ad\u0103ugat el.<\/p>\n<p>Replica din partea Casei Albe a fost rapid\u0103 \u0219i t\u0103ioas\u0103. Steven Cheung, directorul de comunicare al institu\u021biei, a criticat declara\u021biile lui Clooney, lans\u00e2nd un atac personal asupra actorului. \u201eSingura persoan\u0103 care comite crime de r\u0103zboi este George Clooney, prin filmele sale groaznice \u0219i talentul actoricesc \u00eendoielnic\u201d, a afirmat Cheung \u00eentr-o declara\u021bie pentru publica\u021bia The Independent. Mul\u021bi au perceput acest comentariu ca pe o \u00eencercare de a discredita actorul \u00een cadrul discu\u021biei despre politica extern\u0103 a administra\u021biei Trump.<\/p>\n<p>George Clooney a r\u0103spuns acestor atacuri \u00eentr-o declara\u021bie acordat\u0103 publica\u021biei Deadline, calific\u00e2ndu-le drept \u201eo serie de insulte copil\u0103re\u0219ti\u201d. El a subliniat gravitatea situa\u021biei, men\u021bion\u00e2nd c\u0103 \u201efamilii \u00ee\u0219i pierd persoanele dragi, copii au murit, iar economia global\u0103 se afl\u0103 \u00eentr-un moment critic\u201d. Clooney a insistat c\u0103 este esen\u021bial s\u0103 existe o dezbatere serioas\u0103 la cel mai \u00eenalt nivel, nu insulte infantile. El a ad\u0103ugat c\u0103 termenul \u201ecrim\u0103 de r\u0103zboi\u201d are o defini\u021bie clar\u0103 \u00een dreptul interna\u021bional, referindu-se la inten\u021bia de a distruge o na\u021biune sau un grup. \u00cen plus, a glumit pe seama criticilor legate de cariera sa, spun\u00e2nd: \u201eDac\u0103 administra\u021bia consider\u0103 c\u0103 cea mai bun\u0103 ap\u0103rare este s\u0103 m\u0103 numeasc\u0103 actor ratat, pot accepta asta. Totu\u0219i, am jucat \u00een Batman &amp; Robin\u201d.<\/p>\n<p>Aceasta nu este prima dat\u0103 c\u00e2nd George Clooney \u0219i Donald Trump se confrunt\u0103 public. Pre\u0219edintele american l-a criticat anterior pe actor pe re\u021beaua Truth Social, numindu-l \u201eun star mediocru care caut\u0103 mai mult\u0103 aten\u021bie prin politic\u0103 dec\u00e2t prin filme\u201d. De asemenea, Trump a comentat \u0219i decizia lui Clooney \u0219i a so\u021biei sale, avocatei Amal Clooney, de a ob\u021bine <a href=\"https:\/\/www.mediafax.ro\/externe\/george-clooney-raspunde-criticilor-lui-donald-trump-dupa-obtinerea-cetateniei-franceze-23666072\" target=\"_blank\" rel=\"noopener\">cet\u0103\u021benia francez\u0103<\/a>.<\/p>\n","protected":false},"excerpt":{"rendered":"<p>Recenta controvers\u0103 a izbucnit \u00een contextul tensiunilor cresc\u00e2nde dintre Statele Unite \u0219i Iran, cu c\u00e2teva zile \u00eenainte de anun\u021bul unui armisti\u021biu de dou\u0103 s\u0103pt\u0103m\u00e2ni \u00eentre cele dou\u0103 \u021b\u0103ri. Actorul George Clooney a criticat vehement declara\u021biile pre\u0219edintelui Donald Trump, care a amenin\u021bat pe re\u021belele sociale c\u0103 \u201eo \u00eentreag\u0103 civiliza\u021bie va muri \u00een aceast\u0103 noapte\u201d dac\u0103 Iranul [&hellip;]<\/p>\n","protected":false},"author":7,"featured_media":13398,"comment_status":"open","ping_status":"open","sticky":false,"template":"","format":"standard","meta":{"jnews-multi-image_gallery":[],"jnews_single_post":[],"jnews_primary_category":[],"jnews_override_counter":[],"footnotes":""},"categories":[43],"tags":[2209,1874,15985,15707,31,15706,913,680],"class_list":["post-13397","post","type-post","status-publish","format-standard","has-post-thumbnail","hentry","category-cultura","tag-armistitiu","tag-controversa","tag-crima-de-razboi","tag-discurs-politic","tag-jnews_demo_donald-trump","tag-george-clooney","tag-iran","tag-statele-unite"],"_links":{"self":[{"href":"https:\/\/www.newsrecorder.ro\/app\/wp-json\/wp\/v2\/posts\/13397","targetHints":{"allow":["GET"]}}],"collection":[{"href":"https:\/\/www.newsrecorder.ro\/app\/wp-json\/wp\/v2\/posts"}],"about":[{"href":"https:\/\/www.newsrecorder.ro\/app\/wp-json\/wp\/v2\/types\/post"}],"author":[{"embeddable":true,"href":"https:\/\/www.newsrecorder.ro\/app\/wp-json\/wp\/v2\/users\/7"}],"replies":[{"embeddable":true,"href":"https:\/\/www.newsrecorder.ro\/app\/wp-json\/wp\/v2\/comments?post=13397"}],"version-history":[{"count":0,"href":"https:\/\/www.newsrecorder.ro\/app\/wp-json\/wp\/v2\/posts\/13397\/revisions"}],"wp:featuredmedia":[{"embeddable":true,"href":"https:\/\/www.newsrecorder.ro\/app\/wp-json\/wp\/v2\/media\/13398"}],"wp:attachment":[{"href":"https:\/\/www.newsrecorder.ro\/app\/wp-json\/wp\/v2\/media?parent=13397"}],"wp:term":[{"taxonomy":"category","embeddable":true,"href":"https:\/\/www.newsrecorder.ro\/app\/wp-json\/wp\/v2\/categories?post=13397"},{"taxonomy":"post_tag","embeddable":true,"href":"https:\/\/www.newsrecorder.ro\/app\/wp-json\/wp\/v2\/tags?post=13397"}],"curies":[{"name":"wp","href":"https:\/\/api.w.org\/{rel}","templated":true}]}}