{"id":13461,"date":"2026-04-12T07:21:21","date_gmt":"2026-04-12T07:21:21","guid":{"rendered":"https:\/\/www.newsrecorder.ro\/app\/2026\/04\/12\/incendiu-devastator-la-manastirea-bistrita-10-autospeciale-in-actiune\/"},"modified":"2026-04-12T07:21:21","modified_gmt":"2026-04-12T07:21:21","slug":"incendiu-devastator-la-manastirea-bistrita-10-autospeciale-in-actiune","status":"publish","type":"post","link":"https:\/\/www.newsrecorder.ro\/app\/2026\/04\/12\/incendiu-devastator-la-manastirea-bistrita-10-autospeciale-in-actiune\/","title":{"rendered":"Incendiu devastator la M\u0103n\u0103stirea Bistri\u021ba: 10 autospeciale \u00een ac\u021biune!"},"content":{"rendered":"<p>Pompierii militari sunt \u00een plin\u0103 ac\u021biune pentru a stinge un incendiu care a izbucnit la M\u0103n\u0103stirea Bistri\u021ba, situat\u0103 \u00een localitatea Coste\u0219ti, jude\u021bul V\u00e2lcea.<\/p>\n<p>Conform informa\u021biilor disponibile, incendiul afecteaz\u0103 acoperi\u0219ul unei chilii pe o suprafa\u021b\u0103 de aproximativ 800 de metri p\u0103tra\u021bi. Exist\u0103 un risc semnificativ de propagare a focului la \u00eentreaga construc\u021bie, care se estimeaz\u0103 a avea o suprafa\u021b\u0103 de circa 1.000 de metri p\u0103tra\u021bi, dar \u0219i la chiliile \u00eenvecinate.<\/p>\n<p>\u00cen prezent, nu au fost raportate victime \u00een urma acestui incident.<\/p>\n<p>Pentru a face fa\u021b\u0103 situa\u021biei, au fost mobilizate un total de 6 autospeciale de stingere din partea ISU V\u00e2lcea, 3 din partea ISU Gorj \u0219i 1 de la ISU Arge\u0219. De asemenea, au fost trimise o autospecial\u0103 pentru interven\u021bii la \u00een\u0103l\u021bime, una destinat\u0103 primelor interven\u021bii \u0219i comenzi, precum \u0219i o ambulan\u021b\u0103 a Serviciului de Ambulan\u021b\u0103 Jude\u021bean (SAJ).<\/p>\n<p>Echipajele operative depun eforturi considerabile pentru a localiza \u0219i a stinge incendiul, av\u00e2nd ca obiectiv principal limitarea extinderii fl\u0103c\u0103rilor la celelalte construc\u021bii din apropiere.<\/p>\n<p>Ac\u021biunea de interven\u021bie este \u00een desf\u0103\u0219urare, iar autorit\u0103\u021bile monitorizeaz\u0103 cu aten\u021bie evolu\u021bia situa\u021biei.<\/p>\n","protected":false},"excerpt":{"rendered":"<p>Pompierii militari sunt \u00een plin\u0103 ac\u021biune pentru a stinge un incendiu care a izbucnit la M\u0103n\u0103stirea Bistri\u021ba, situat\u0103 \u00een localitatea Coste\u0219ti, jude\u021bul V\u00e2lcea. Conform informa\u021biilor disponibile, incendiul afecteaz\u0103 acoperi\u0219ul unei chilii pe o suprafa\u021b\u0103 de aproximativ 800 de metri p\u0103tra\u021bi. Exist\u0103 un risc semnificativ de propagare a focului la \u00eentreaga construc\u021bie, care se estimeaz\u0103 a [&hellip;]<\/p>\n","protected":false},"author":2,"featured_media":13462,"comment_status":"open","ping_status":"open","sticky":false,"template":"","format":"standard","meta":{"jnews-multi-image_gallery":[],"jnews_single_post":[],"jnews_primary_category":[],"jnews_override_counter":[],"footnotes":""},"categories":[39],"tags":[16221,16220,689,1838,11327,13548,16219,3039],"class_list":["post-13461","post","type-post","status-publish","format-standard","has-post-thumbnail","hentry","category-stirile-zilei","tag-chilii","tag-costesti","tag-incendiu","tag-interventii","tag-isu","tag-judetul-valcea","tag-manastirea-bistrita","tag-pompieri"],"_links":{"self":[{"href":"https:\/\/www.newsrecorder.ro\/app\/wp-json\/wp\/v2\/posts\/13461","targetHints":{"allow":["GET"]}}],"collection":[{"href":"https:\/\/www.newsrecorder.ro\/app\/wp-json\/wp\/v2\/posts"}],"about":[{"href":"https:\/\/www.newsrecorder.ro\/app\/wp-json\/wp\/v2\/types\/post"}],"author":[{"embeddable":true,"href":"https:\/\/www.newsrecorder.ro\/app\/wp-json\/wp\/v2\/users\/2"}],"replies":[{"embeddable":true,"href":"https:\/\/www.newsrecorder.ro\/app\/wp-json\/wp\/v2\/comments?post=13461"}],"version-history":[{"count":0,"href":"https:\/\/www.newsrecorder.ro\/app\/wp-json\/wp\/v2\/posts\/13461\/revisions"}],"wp:featuredmedia":[{"embeddable":true,"href":"https:\/\/www.newsrecorder.ro\/app\/wp-json\/wp\/v2\/media\/13462"}],"wp:attachment":[{"href":"https:\/\/www.newsrecorder.ro\/app\/wp-json\/wp\/v2\/media?parent=13461"}],"wp:term":[{"taxonomy":"category","embeddable":true,"href":"https:\/\/www.newsrecorder.ro\/app\/wp-json\/wp\/v2\/categories?post=13461"},{"taxonomy":"post_tag","embeddable":true,"href":"https:\/\/www.newsrecorder.ro\/app\/wp-json\/wp\/v2\/tags?post=13461"}],"curies":[{"name":"wp","href":"https:\/\/api.w.org\/{rel}","templated":true}]}}