{"id":13465,"date":"2026-04-12T14:44:05","date_gmt":"2026-04-12T14:44:05","guid":{"rendered":"https:\/\/www.newsrecorder.ro\/app\/2026\/04\/12\/fotbalistul-ranit-in-incendiul-din-crans-montana-revenire-spectaculoasa\/"},"modified":"2026-04-12T14:44:05","modified_gmt":"2026-04-12T14:44:05","slug":"fotbalistul-ranit-in-incendiul-din-crans-montana-revenire-spectaculoasa","status":"publish","type":"post","link":"https:\/\/www.newsrecorder.ro\/app\/2026\/04\/12\/fotbalistul-ranit-in-incendiul-din-crans-montana-revenire-spectaculoasa\/","title":{"rendered":"Fotbalistul r\u0103nit \u00een incendiul din Crans-Montana, revenire spectaculoas\u0103!"},"content":{"rendered":"<p>Tahirys Dos Santos, t\u00e2n\u0103rul fotbalist de la Metz, a trecut printr-o adev\u0103rat\u0103 \u00eencercare dup\u0103 ce a suferit arsuri de gradul III \u00een urma unui incendiu devastator \u00eentr-un bar din sta\u021biunea elve\u021bian\u0103. Cu toate acestea, el a reu\u0219it s\u0103 revin\u0103 pe teren, conform unui articol publicat de <a style=\"color: #0000ff\" href=\"https:\/\/www.lefigaro.fr\/sports\/football\/foot-cent-jours-apres-le-drame-de-crans-montana-le-jeune-messin-tahirys-dos-santos-a-rejoue-20260412\" target=\"_blank\" rel=\"noopener\">Le Figaro<\/a>.<\/p>\n<p>Dup\u0103 ce a fost internat \u00een spital timp de c\u00e2teva s\u0103pt\u0103m\u00e2ni din cauza r\u0103nilor suferite, Tahirys Dos Santos a f\u0103cut un pas important \u00een recuperarea sa, revenind s\u00e2mb\u0103t\u0103 pe teren. El a jucat al\u0103turi de echipa de rezerv\u0103 a FC Metz \u00eentr-un meci \u00eempotriva celor de la FC Balagne.<\/p>\n<p>La doar 19 ani, funda\u0219ul a intrat pe teren cu 30 de minute \u00eenainte de finalul confrunt\u0103rii, marc\u00e2nd astfel un moment emo\u021bionant pentru el \u0219i sus\u021bin\u0103torii s\u0103i.<\/p>\n<p>\u201eMunc\u0103, r\u0103bdare \u0219i determinare. M\u0103 bucur s\u0103-l rev\u0103d pe teren\u201d, a scris agentul s\u0103u, Christophe Hutteau, pe Instagram, celebr\u00e2nd astfel revenirea t\u00e2n\u0103rului sportiv.<\/p>\n<p>Incendiul tragic din noaptea de Anul Nou a l\u0103sat o amprent\u0103 ad\u00e2nc\u0103, iar bilan\u021bul a fost devastator, cu peste 40 de vie\u021bi pierdute \u0219i 116 persoane r\u0103nite. Revenirea lui Dos Santos pe teren este un simbol al speran\u021bei \u0219i al puterii de a dep\u0103\u0219i dificult\u0103\u021bile.<\/p>\n","protected":false},"excerpt":{"rendered":"<p>Tahirys Dos Santos, t\u00e2n\u0103rul fotbalist de la Metz, a trecut printr-o adev\u0103rat\u0103 \u00eencercare dup\u0103 ce a suferit arsuri de gradul III \u00een urma unui incendiu devastator \u00eentr-un bar din sta\u021biunea elve\u021bian\u0103. Cu toate acestea, el a reu\u0219it s\u0103 revin\u0103 pe teren, conform unui articol publicat de Le Figaro. Dup\u0103 ce a fost internat \u00een spital [&hellip;]<\/p>\n","protected":false},"author":6,"featured_media":13466,"comment_status":"open","ping_status":"open","sticky":false,"template":"","format":"standard","meta":{"jnews-multi-image_gallery":[],"jnews_single_post":[],"jnews_primary_category":[],"jnews_override_counter":[],"footnotes":""},"categories":[46],"tags":[16229,16231,16228,89,689,585,16227,16230],"class_list":["post-13465","post","type-post","status-publish","format-standard","has-post-thumbnail","hentry","category-sport","tag-arsuri-de-gradul-iii","tag-echipa-de-rezerva","tag-fc-metz","tag-fotbal","tag-incendiu","tag-recuperare","tag-tahirys-dos-santos","tag-tanar-sportiv"],"_links":{"self":[{"href":"https:\/\/www.newsrecorder.ro\/app\/wp-json\/wp\/v2\/posts\/13465","targetHints":{"allow":["GET"]}}],"collection":[{"href":"https:\/\/www.newsrecorder.ro\/app\/wp-json\/wp\/v2\/posts"}],"about":[{"href":"https:\/\/www.newsrecorder.ro\/app\/wp-json\/wp\/v2\/types\/post"}],"author":[{"embeddable":true,"href":"https:\/\/www.newsrecorder.ro\/app\/wp-json\/wp\/v2\/users\/6"}],"replies":[{"embeddable":true,"href":"https:\/\/www.newsrecorder.ro\/app\/wp-json\/wp\/v2\/comments?post=13465"}],"version-history":[{"count":0,"href":"https:\/\/www.newsrecorder.ro\/app\/wp-json\/wp\/v2\/posts\/13465\/revisions"}],"wp:featuredmedia":[{"embeddable":true,"href":"https:\/\/www.newsrecorder.ro\/app\/wp-json\/wp\/v2\/media\/13466"}],"wp:attachment":[{"href":"https:\/\/www.newsrecorder.ro\/app\/wp-json\/wp\/v2\/media?parent=13465"}],"wp:term":[{"taxonomy":"category","embeddable":true,"href":"https:\/\/www.newsrecorder.ro\/app\/wp-json\/wp\/v2\/categories?post=13465"},{"taxonomy":"post_tag","embeddable":true,"href":"https:\/\/www.newsrecorder.ro\/app\/wp-json\/wp\/v2\/tags?post=13465"}],"curies":[{"name":"wp","href":"https:\/\/api.w.org\/{rel}","templated":true}]}}