{"id":13489,"date":"2026-04-12T15:40:33","date_gmt":"2026-04-12T15:40:33","guid":{"rendered":"https:\/\/www.newsrecorder.ro\/app\/2026\/04\/12\/trump-ameninta-cu-blocada-ormuz-dupa-negocierile-esuate-cu-iranul\/"},"modified":"2026-04-12T15:40:33","modified_gmt":"2026-04-12T15:40:33","slug":"trump-ameninta-cu-blocada-ormuz-dupa-negocierile-esuate-cu-iranul","status":"publish","type":"post","link":"https:\/\/www.newsrecorder.ro\/app\/2026\/04\/12\/trump-ameninta-cu-blocada-ormuz-dupa-negocierile-esuate-cu-iranul\/","title":{"rendered":"Trump amenin\u021b\u0103 cu blocada Ormuz dup\u0103 negocierile e\u0219uate cu Iranul!"},"content":{"rendered":"<p>\u00centr-o declara\u021bie surprinz\u0103toare, pre\u0219edintele Statelor Unite, Donald Trump, a anun\u021bat duminic\u0103 instituirea unei blocade a Str\u00e2mtorii Ormuz. Aceast\u0103 m\u0103sur\u0103 include \u201einterceptarea\u201d oric\u0103rei nave din apele interna\u021bionale care \u201ea pl\u0103tit taxe c\u0103tre Iran\u201d.<\/p>\n<p>Trump a men\u021bionat c\u0103 discu\u021biile cu Iran au fost constructive, \u00eens\u0103 Teheranul a refuzat s\u0103 redeschid\u0103 str\u00e2mtoarea \u0219i s\u0103 renun\u021be la programul s\u0103u nuclear. \u201eVom \u00eencepe, de asemenea, s\u0103 distrugem minele [plasate] de iranieni \u00een Str\u00e2mtoare. Orice iranian care trage asupra noastr\u0103 sau asupra navelor pa\u0219nice va FI \u0218TERS DE PE FA\u021aA P\u0102M\u00c2NTULUI!\u201d, a subliniat liderul american pe platforma sa, Truth Social.<\/p>\n<p>Pre\u0219edintele a anun\u021bat c\u0103 blocada va \u00eencepe \u201e\u00een cur\u00e2nd\u201d \u0219i a ad\u0103ugat c\u0103 alte na\u021biuni se vor al\u0103tura ac\u021biunii, de\u0219i nu a specificat care sunt acestea.<\/p>\n<h2>Semnifica\u021bia Str\u00e2mtorii Ormuz<\/h2>\n<p>Str\u00e2mtoarea Ormuz este recunoscut\u0103 ca unul dintre cele mai vitale puncte maritime la nivel mondial, reprezent\u00e2nd poarta de acces din Golful Persic c\u0103tre pie\u021bele interna\u021bionale. <strong>Aproximativ o cincime din petrolul transportat pe mare la nivel global trece prin aceast\u0103 rut\u0103, ceea ce o face esen\u021bial\u0103 pentru economia global\u0103.<\/strong><\/p>\n<p>\u00cen ultimele luni, <strong>regiunea a fost marcat\u0103 de tensiuni militare crescute, incluz\u00e2nd restric\u021bii asupra naviga\u021biei, acuza\u021bii de interferen\u021b\u0103 \u00een rutele maritime \u0219i o sc\u0103dere a traficului de nave, \u00een contextul confrunt\u0103rilor dintre Washington \u0219i Teheran.<\/strong> \u00cen anumite perioade recente, fluxul de transport a fost semnificativ perturbat, iar pie\u021bele energetice au reac\u021bionat prin cre\u0219teri ale pre\u021burilor la petrol.<\/p>\n<p>Anali\u0219tii avertizeaz\u0103 c\u0103 o blocad\u0103 sau restric\u021bii extinse \u00een Str\u00e2mtoarea Ormuz ar putea genera efecte rapide asupra lan\u021burilor globale de aprovizionare, \u00een special \u00een Asia \u0219i Europa, unde dependen\u021ba de petrolul din Golf este extrem de ridicat\u0103.<\/p>\n<p>Proiectul de blocad\u0103 a generat o nou\u0103 volatilitate pe pia\u021ba navelor de r\u0103zboi din Str\u00e2mtoarea Ormuz. Traderii anticipeaz\u0103 o posibil\u0103 reac\u021bie militar\u0103 din partea Regatului Unit, iar probabilit\u0103\u021bile de ac\u021biune ar putea cre\u0219te pe m\u0103sur\u0103 ce se apropie data de 30 aprilie, dac\u0103 o interven\u021bie naval\u0103 aliat\u0103 devine iminent\u0103. <strong>\u00cen acela\u0219i timp, perspectiva unui acord de pace durabil \u00eentre SUA \u0219i Iran r\u0103m\u00e2ne incert\u0103, av\u00e2nd \u00een vedere e\u0219ecul recent al negocierilor de la Islamabad,<\/strong> conform unei analize de pe <a href=\"https:\/\/cryptobriefing.com\/trump-suggests-naval-blockade-of-iran-after-talks-collapse\/\" target=\"_blank\" rel=\"noopener\">Cryptobriefing.com<\/a>.<\/p>\n","protected":false},"excerpt":{"rendered":"<p>\u00centr-o declara\u021bie surprinz\u0103toare, pre\u0219edintele Statelor Unite, Donald Trump, a anun\u021bat duminic\u0103 instituirea unei blocade a Str\u00e2mtorii Ormuz. Aceast\u0103 m\u0103sur\u0103 include \u201einterceptarea\u201d oric\u0103rei nave din apele interna\u021bionale care \u201ea pl\u0103tit taxe c\u0103tre Iran\u201d. Trump a men\u021bionat c\u0103 discu\u021biile cu Iran au fost constructive, \u00eens\u0103 Teheranul a refuzat s\u0103 redeschid\u0103 str\u00e2mtoarea \u0219i s\u0103 renun\u021be la programul s\u0103u [&hellip;]<\/p>\n","protected":false},"author":2,"featured_media":13490,"comment_status":"open","ping_status":"open","sticky":false,"template":"","format":"standard","meta":{"jnews-multi-image_gallery":[],"jnews_single_post":[],"jnews_primary_category":[],"jnews_override_counter":[],"footnotes":""},"categories":[41],"tags":[10384,3996,913,10401,1080,11394,8772,1735],"class_list":["post-13489","post","type-post","status-publish","format-standard","has-post-thumbnail","hentry","category-externe","tag-blocada","tag-discutii-diplomatice","tag-iran","tag-nave","tag-program-nuclear","tag-securitate-maritima","tag-stramtoarea-ormuz","tag-trump"],"_links":{"self":[{"href":"https:\/\/www.newsrecorder.ro\/app\/wp-json\/wp\/v2\/posts\/13489","targetHints":{"allow":["GET"]}}],"collection":[{"href":"https:\/\/www.newsrecorder.ro\/app\/wp-json\/wp\/v2\/posts"}],"about":[{"href":"https:\/\/www.newsrecorder.ro\/app\/wp-json\/wp\/v2\/types\/post"}],"author":[{"embeddable":true,"href":"https:\/\/www.newsrecorder.ro\/app\/wp-json\/wp\/v2\/users\/2"}],"replies":[{"embeddable":true,"href":"https:\/\/www.newsrecorder.ro\/app\/wp-json\/wp\/v2\/comments?post=13489"}],"version-history":[{"count":0,"href":"https:\/\/www.newsrecorder.ro\/app\/wp-json\/wp\/v2\/posts\/13489\/revisions"}],"wp:featuredmedia":[{"embeddable":true,"href":"https:\/\/www.newsrecorder.ro\/app\/wp-json\/wp\/v2\/media\/13490"}],"wp:attachment":[{"href":"https:\/\/www.newsrecorder.ro\/app\/wp-json\/wp\/v2\/media?parent=13489"}],"wp:term":[{"taxonomy":"category","embeddable":true,"href":"https:\/\/www.newsrecorder.ro\/app\/wp-json\/wp\/v2\/categories?post=13489"},{"taxonomy":"post_tag","embeddable":true,"href":"https:\/\/www.newsrecorder.ro\/app\/wp-json\/wp\/v2\/tags?post=13489"}],"curies":[{"name":"wp","href":"https:\/\/api.w.org\/{rel}","templated":true}]}}