{"id":13503,"date":"2026-04-12T19:27:47","date_gmt":"2026-04-12T19:27:47","guid":{"rendered":"https:\/\/www.newsrecorder.ro\/app\/2026\/04\/12\/inghetul-de-noapte-pune-agricultorii-in-alerta-maxima\/"},"modified":"2026-04-12T19:27:47","modified_gmt":"2026-04-12T19:27:47","slug":"inghetul-de-noapte-pune-agricultorii-in-alerta-maxima","status":"publish","type":"post","link":"https:\/\/www.newsrecorder.ro\/app\/2026\/04\/12\/inghetul-de-noapte-pune-agricultorii-in-alerta-maxima\/","title":{"rendered":"\u00cenghe\u021bul de noapte pune agricultorii \u00een alert\u0103 maxim\u0103!"},"content":{"rendered":"<p>Administra\u021bia Na\u021bional\u0103 de Meteorologie (ANM) a emis o informare privind vremea extrem de rece, valabil\u0103 p\u00e2n\u0103 s\u00e2mb\u0103t\u0103, 11 aprilie, la ora 10:00. Speciali\u0219tii avertizeaz\u0103 asupra riscului de minime negative pe parcursul nop\u021bilor, \u00een special \u00een jum\u0103tatea de nord a \u021b\u0103rii, dar \u0219i izolat \u00een alte zone, unde se va produce brum\u0103. \u00cen intervalul 10 aprilie, ora 21:00 \u2013 11 aprilie, ora 09:00, ANM estimeaz\u0103 temperaturi minime cuprinse \u00eentre -9 grade Celsius \u00een depresiunile Carpa\u021bilor Orientali \u0219i 5 grade pe litoral, cu brum\u0103 local\u0103 \u00een regiunile nordice.<\/p>\n<p>Condi\u021biile meteorologice actuale contribuie la o r\u0103cire accentuat\u0103 pe timpul nop\u021bii. Cerul predominant senin permite o pierdere rapid\u0103 a c\u0103ldurii acumulate pe parcursul zilei, iar \u00een zonele depresionare sau ad\u0103postite, temperaturile pot sc\u0103dea brusc p\u00e2n\u0103 la pragul \u00eenghe\u021bului. Datele ANM de vineri sear\u0103 indicau deja un trend de r\u0103cire: la ora 22:00, la \u00centorsura Buz\u0103ului se \u00eenregistrau 0,1\u00b0C, la Miercurea Ciuc -1,1\u00b0C, la R\u0103d\u0103u\u021bi 0,9\u00b0C, iar \u00een H\u00e2r\u0219ova din Dobrogea continental\u0103 temperatura era de 2,9\u00b0C.<\/p>\n<p>Pentru sectorul agricol, acest episod de vreme rece reprezint\u0103 o situa\u021bie delicat\u0103. \u00cen buletinul agrometeorologic emis pentru perioada 9\u201315 aprilie, ANM indic\u0103 faptul c\u0103 temperatura minim\u0103 a aerului va sc\u0103dea p\u00e2n\u0103 la -7\u20268\u00b0C \u00een majoritatea zonelor de cultur\u0103. Cele mai sc\u0103zute valori sunt a\u0219teptate \u00een depresiunile din regiunile nordice \u0219i centrale, unde exist\u0103 riscuri de brum\u0103 \u0219i \u00eenghe\u021b superficial la sol. De asemenea, se subliniaz\u0103 c\u0103, \u00een estul Transilvaniei \u0219i nordul Moldovei, procesele de vegeta\u021bie ar putea fi \u00eencetinite, cu riscul unor stagn\u0103ri temporare.<\/p>\n<p>Comparativ cu nop\u021bile anterioare, aceasta se preconizeaz\u0103 a avea cel mai mare poten\u021bial pentru temperaturi critice pe arii extinse, inclusiv \u00een zona de Curbur\u0103 \u0219i \u00een estul \u021b\u0103rii.<\/p>\n<p>\u00cen ceea ce prive\u0219te vremea din noaptea de \u00cenviere, ultimele evalu\u0103ri sugereaz\u0103 c\u0103 noaptea urm\u0103toare ar putea aduce condi\u021bii mai pu\u021bin favorabile pentru un \u00eenghe\u021b generalizat. Prognoza ANM pentru intervalul 12 aprilie, ora 09:00 \u2013 13 aprilie, ora 09:00, indic\u0103 minime \u00een continuare sc\u0103zute, \u00eentre -5 \u0219i 6 grade, dar bruma este estimat\u0103 mai ales \u00een vest, centru \u0219i nord, ceea ce sugereaz\u0103 o reducere a riscurilor comparativ cu episodul actual.<\/p>\n<p>Dup\u0103 acest v\u00e2rf de r\u0103cire, prognoza preconizeaz\u0103 o ameliorare treptat\u0103 a vremii. ANM anticipeaz\u0103 c\u0103, \u00een urm\u0103toarele dou\u0103 s\u0103pt\u0103m\u00e2ni, \u00een regiunile Moldova, Dobrogea \u0219i Muntenia, minimele nocturne vor cre\u0219te dup\u0103 10\u201311 aprilie, iar temperaturile diurne se vor apropia de valorile normale. Totodat\u0103, se estimeaz\u0103 o cre\u0219tere a probabilit\u0103\u021bii de precipita\u021bii dup\u0103 9\u201310 aprilie, cu cantit\u0103\u021bi posibil mai semnificative \u00een jurul intervalului 12\u201314 aprilie.<\/p>\n","protected":false},"excerpt":{"rendered":"<p>Administra\u021bia Na\u021bional\u0103 de Meteorologie (ANM) a emis o informare privind vremea extrem de rece, valabil\u0103 p\u00e2n\u0103 s\u00e2mb\u0103t\u0103, 11 aprilie, la ora 10:00. Speciali\u0219tii avertizeaz\u0103 asupra riscului de minime negative pe parcursul nop\u021bilor, \u00een special \u00een jum\u0103tatea de nord a \u021b\u0103rii, dar \u0219i izolat \u00een alte zone, unde se va produce brum\u0103. \u00cen intervalul 10 aprilie, [&hellip;]<\/p>\n","protected":false},"author":5,"featured_media":13504,"comment_status":"open","ping_status":"open","sticky":false,"template":"","format":"standard","meta":{"jnews-multi-image_gallery":[],"jnews_single_post":[],"jnews_primary_category":[],"jnews_override_counter":[],"footnotes":""},"categories":[45],"tags":[1563,13053,5083,974,16274,16021,81,16273],"class_list":["post-13503","post","type-post","status-publish","format-standard","has-post-thumbnail","hentry","category-meteo","tag-avertizare-meteorologica","tag-bruma","tag-carpati-orientali","tag-conditii-meteorologice","tag-minime-negative","tag-racire-nocturna","tag-temperaturi-scazute","tag-vreme-extrem-de-rece"],"_links":{"self":[{"href":"https:\/\/www.newsrecorder.ro\/app\/wp-json\/wp\/v2\/posts\/13503","targetHints":{"allow":["GET"]}}],"collection":[{"href":"https:\/\/www.newsrecorder.ro\/app\/wp-json\/wp\/v2\/posts"}],"about":[{"href":"https:\/\/www.newsrecorder.ro\/app\/wp-json\/wp\/v2\/types\/post"}],"author":[{"embeddable":true,"href":"https:\/\/www.newsrecorder.ro\/app\/wp-json\/wp\/v2\/users\/5"}],"replies":[{"embeddable":true,"href":"https:\/\/www.newsrecorder.ro\/app\/wp-json\/wp\/v2\/comments?post=13503"}],"version-history":[{"count":0,"href":"https:\/\/www.newsrecorder.ro\/app\/wp-json\/wp\/v2\/posts\/13503\/revisions"}],"wp:featuredmedia":[{"embeddable":true,"href":"https:\/\/www.newsrecorder.ro\/app\/wp-json\/wp\/v2\/media\/13504"}],"wp:attachment":[{"href":"https:\/\/www.newsrecorder.ro\/app\/wp-json\/wp\/v2\/media?parent=13503"}],"wp:term":[{"taxonomy":"category","embeddable":true,"href":"https:\/\/www.newsrecorder.ro\/app\/wp-json\/wp\/v2\/categories?post=13503"},{"taxonomy":"post_tag","embeddable":true,"href":"https:\/\/www.newsrecorder.ro\/app\/wp-json\/wp\/v2\/tags?post=13503"}],"curies":[{"name":"wp","href":"https:\/\/api.w.org\/{rel}","templated":true}]}}