{"id":13511,"date":"2026-04-12T19:28:46","date_gmt":"2026-04-12T19:28:46","guid":{"rendered":"https:\/\/www.newsrecorder.ro\/app\/2026\/04\/12\/alerta-meteo-de-pasti-ninsori-si-vant-puternic-in-jumatate-din-tara-2\/"},"modified":"2026-04-12T19:28:46","modified_gmt":"2026-04-12T19:28:46","slug":"alerta-meteo-de-pasti-ninsori-si-vant-puternic-in-jumatate-din-tara-2","status":"publish","type":"post","link":"https:\/\/www.newsrecorder.ro\/app\/2026\/04\/12\/alerta-meteo-de-pasti-ninsori-si-vant-puternic-in-jumatate-din-tara-2\/","title":{"rendered":"Alert\u0103 meteo de Pa\u0219ti: Ninsori \u0219i v\u00e2nt puternic \u00een jum\u0103tate din \u021bar\u0103!"},"content":{"rendered":"<p>\u00cen data de joi, ANM a emis o avertizare meteorologic\u0103, valabil\u0103 de la ora 10:00 p\u00e2n\u0103 s\u00e2mb\u0103t\u0103 la ora 10:00. Aceasta aduce ve\u0219ti despre condi\u021bii meteorologice variate pe teritoriul Rom\u00e2niei.<\/p>\n<p>\u00cencep\u00e2nd de joi, se preconizeaz\u0103 intensific\u0103ri ale v\u00e2ntului \u00een regiunile centrale, estice \u0219i sud-vestice ale \u021b\u0103rii, cu viteze ce vor atinge, \u00een general, \u00eentre 45 \u0219i 55 km\/h. \u00cen zonele montane, rafalele vor dep\u0103\u0219i 50-70 km\/h, ceea ce poate crea dificult\u0103\u021bi \u00een transport \u0219i activit\u0103\u021bi \u00een aer liber.<\/p>\n<p>\u00cen plus, \u00een special \u00een centrul, estul \u0219i sudul \u021b\u0103rii, se a\u0219teapt\u0103 precipita\u021bii sub form\u0103 de ploaie, lapovi\u021b\u0103 \u0219i ninsoare, aduc\u00e2nd o schimbare semnificativ\u0103 a vremii.<\/p>\n<p>\u00cen estul \u0219i sud-estul Transilvaniei, se va forma un strat de z\u0103pad\u0103 de 3-6 cm, care va influen\u021ba peisajul \u0219i condi\u021biile de trafic din zon\u0103.<\/p>\n<p>\u00cen zona montan\u0103, ninsorile vor fi mai abundente, iar \u00een special la altitudini mari din Carpa\u021bii Meridionali \u0219i Orientali, se estimeaz\u0103 o acumulare medie de z\u0103pad\u0103 \u00eentre 5 \u0219i 10 cm.<\/p>\n<p>De asemenea, vremea va fi deosebit de rece pentru aceast\u0103 perioad\u0103 a anului. Noaptea, \u00een jum\u0103tatea de nord a \u021b\u0103rii \u0219i izolat \u00een alte regiuni, se vor \u00eenregistra minime negative, iar bruma va ap\u0103rea frecvent, subliniind condi\u021biile friguroase ce se instaleaz\u0103.<\/p>\n","protected":false},"excerpt":{"rendered":"<p>\u00cen data de joi, ANM a emis o avertizare meteorologic\u0103, valabil\u0103 de la ora 10:00 p\u00e2n\u0103 s\u00e2mb\u0103t\u0103 la ora 10:00. Aceasta aduce ve\u0219ti despre condi\u021bii meteorologice variate pe teritoriul Rom\u00e2niei. \u00cencep\u00e2nd de joi, se preconizeaz\u0103 intensific\u0103ri ale v\u00e2ntului \u00een regiunile centrale, estice \u0219i sud-vestice ale \u021b\u0103rii, cu viteze ce vor atinge, \u00een general, \u00eentre 45 [&hellip;]<\/p>\n","protected":false},"author":5,"featured_media":13512,"comment_status":"open","ping_status":"open","sticky":false,"template":"","format":"standard","meta":{"jnews-multi-image_gallery":[],"jnews_single_post":[],"jnews_primary_category":[],"jnews_override_counter":[],"footnotes":""},"categories":[45],"tags":[1563,996,974,761,743,1814,135,122],"class_list":["post-13511","post","type-post","status-publish","format-standard","has-post-thumbnail","hentry","category-meteo","tag-avertizare-meteorologica","tag-carpatii-meridionali","tag-conditii-meteorologice","tag-intensificari-ale-vantului","tag-ninsoare","tag-ploaie","tag-precipitatii","tag-strat-de-zapada"],"_links":{"self":[{"href":"https:\/\/www.newsrecorder.ro\/app\/wp-json\/wp\/v2\/posts\/13511","targetHints":{"allow":["GET"]}}],"collection":[{"href":"https:\/\/www.newsrecorder.ro\/app\/wp-json\/wp\/v2\/posts"}],"about":[{"href":"https:\/\/www.newsrecorder.ro\/app\/wp-json\/wp\/v2\/types\/post"}],"author":[{"embeddable":true,"href":"https:\/\/www.newsrecorder.ro\/app\/wp-json\/wp\/v2\/users\/5"}],"replies":[{"embeddable":true,"href":"https:\/\/www.newsrecorder.ro\/app\/wp-json\/wp\/v2\/comments?post=13511"}],"version-history":[{"count":0,"href":"https:\/\/www.newsrecorder.ro\/app\/wp-json\/wp\/v2\/posts\/13511\/revisions"}],"wp:featuredmedia":[{"embeddable":true,"href":"https:\/\/www.newsrecorder.ro\/app\/wp-json\/wp\/v2\/media\/13512"}],"wp:attachment":[{"href":"https:\/\/www.newsrecorder.ro\/app\/wp-json\/wp\/v2\/media?parent=13511"}],"wp:term":[{"taxonomy":"category","embeddable":true,"href":"https:\/\/www.newsrecorder.ro\/app\/wp-json\/wp\/v2\/categories?post=13511"},{"taxonomy":"post_tag","embeddable":true,"href":"https:\/\/www.newsrecorder.ro\/app\/wp-json\/wp\/v2\/tags?post=13511"}],"curies":[{"name":"wp","href":"https:\/\/api.w.org\/{rel}","templated":true}]}}