{"id":13521,"date":"2026-04-12T19:30:07","date_gmt":"2026-04-12T19:30:07","guid":{"rendered":"https:\/\/www.newsrecorder.ro\/app\/2026\/04\/12\/primavara-revine-in-romania-anm-dezvaluie-cand-ne-asteapta-caldura-2\/"},"modified":"2026-04-12T19:30:07","modified_gmt":"2026-04-12T19:30:07","slug":"primavara-revine-in-romania-anm-dezvaluie-cand-ne-asteapta-caldura-2","status":"publish","type":"post","link":"https:\/\/www.newsrecorder.ro\/app\/2026\/04\/12\/primavara-revine-in-romania-anm-dezvaluie-cand-ne-asteapta-caldura-2\/","title":{"rendered":"Prim\u0103vara revine \u00een Rom\u00e2nia: ANM dezv\u0103luie c\u00e2nd ne a\u0219teapt\u0103 c\u0103ldura!"},"content":{"rendered":"<p class=\"font-claude-response-body break-words whitespace-normal leading-[1.7]\"><a href=\"https:\/\/www.meteoromania.ro\/\" target=\"_blank\" rel=\"noopener\">Administra\u021bia Na\u021bional\u0103 de Meteorologie<\/a> a publicat recent o actualizare a prognozei meteo pentru luna urm\u0103toare, oferind estim\u0103ri detaliate pentru fiecare s\u0103pt\u0103m\u00e2n\u0103. Aceste previziuni indic\u0103 o tranzi\u021bie gradual\u0103 a vremii, \u00eencep\u00e2nd cu r\u0103coare accentuat\u0103 \u0219i culmin\u00e2nd cu temperaturi mai apropiate de normalul prim\u0103verii.<\/p>\n<p class=\"font-claude-response-body break-words whitespace-normal leading-[1.7]\"><strong>S\u0103pt\u0103m\u00e2na 6\u201313 aprilie: cel mai rece interval<\/strong><\/p>\n<p class=\"font-claude-response-body break-words whitespace-normal leading-[1.7]\">\u00cen prima s\u0103pt\u0103m\u00e2n\u0103, \u021bara va experimenta abateri termice <a href=\"https:\/\/www.mediafax.ro\/meteo\/anm-vremea-se-raceste-in-saptamana-mare-cod-galben-de-vant-in-peste-jumatate-de-tara-judetele-vizate-harta-23715618\">negative<\/a>, cu zone montane \u0219i nord-estul resim\u021bind cele mai sc\u0103zute temperaturi. Precipita\u021biile vor fi deficitare \u00een regiunile vestice, nord-vestice \u0219i centrale, \u00een timp ce \u00een restul \u021b\u0103rii, cantit\u0103\u021bile de precipita\u021bii vor fi \u00een apropierea normalului sezonier.<\/p>\n<p class=\"font-claude-response-body break-words whitespace-normal leading-[1.7]\"><strong>S\u0103pt\u0103m\u00e2na 13\u201320 aprilie: sudul, \u00een continuare sub temperaturi normale<\/strong><\/p>\n<p class=\"font-claude-response-body break-words whitespace-normal leading-[1.7]\">Pe parcursul celei de-a doua s\u0103pt\u0103m\u00e2ni, temperaturile vor continua s\u0103 fie u\u0219or mai sc\u0103zute \u00een regiunile sudice \u0219i montane. \u00cen restul \u021b\u0103rii, valorile termice vor fi, \u00een general, normale pentru aceast\u0103 perioad\u0103. Precipita\u021biile vor fi excedentare \u00een sud \u0219i sud-est, \u00een timp ce \u00een alte zone, regimul pluviometric se va men\u021bine \u00een jurul valorilor normale.<\/p>\n<p class=\"font-claude-response-body break-words whitespace-normal leading-[1.7]\"><strong>S\u0103pt\u0103m\u00e2na 20\u201327 aprilie: se \u00eenc\u0103lze\u0219te \u00een zonele intracarpatice<\/strong><\/p>\n<p class=\"font-claude-response-body break-words whitespace-normal leading-[1.7]\">A treia s\u0103pt\u0103m\u00e2n\u0103 anun\u021b\u0103 o u\u0219oar\u0103 \u00eembun\u0103t\u0103\u021bire a vremii, cu regiuni intracarpatice \u00eenregistr\u00e2nd temperaturi medii u\u0219or mai ridicate. \u00cen restul \u021b\u0103rii, valorile termice vor fi, \u00een general, normale pentru aceast\u0103 perioad\u0103. Precipita\u021biile se vor situa \u00een jurul normalului \u00een majoritatea regiunilor.<\/p>\n<p class=\"font-claude-response-body break-words whitespace-normal leading-[1.7]\"><strong>S\u0103pt\u0103m\u00e2na 27 aprilie \u2013 4 mai: mai cald \u00een toat\u0103 \u021bara<\/strong><\/p>\n<p class=\"font-claude-response-body break-words whitespace-normal leading-[1.7]\">Ultima s\u0103pt\u0103m\u00e2n\u0103 din interval va aduce o schimbare semnificativ\u0103 fa\u021b\u0103 de \u00eenceputul lunii aprilie, cu temperaturi medii care vor dep\u0103\u0219i u\u0219or valorile normale pe \u00eentreg teritoriul Rom\u00e2niei. Regiunile intracarpatice vor resim\u021bi cel mai acut aceast\u0103 tendin\u021b\u0103 de \u00eenc\u0103lzire.<\/p>\n<p class=\"font-claude-response-body break-words whitespace-normal leading-[1.7]\">\u00cen ceea ce prive\u0219te precipita\u021biile, se preconizeaz\u0103 o tendin\u021b\u0103 u\u0219or deficitar\u0103 \u00een regiunile nordice, nord-estice \u0219i centrale, \u00een timp ce \u00een restul \u021b\u0103rii valorile vor fi, \u00een general, apropiate de normal.<\/p>\n","protected":false},"excerpt":{"rendered":"<p>Administra\u021bia Na\u021bional\u0103 de Meteorologie a publicat recent o actualizare a prognozei meteo pentru luna urm\u0103toare, oferind estim\u0103ri detaliate pentru fiecare s\u0103pt\u0103m\u00e2n\u0103. Aceste previziuni indic\u0103 o tranzi\u021bie gradual\u0103 a vremii, \u00eencep\u00e2nd cu r\u0103coare accentuat\u0103 \u0219i culmin\u00e2nd cu temperaturi mai apropiate de normalul prim\u0103verii. S\u0103pt\u0103m\u00e2na 6\u201313 aprilie: cel mai rece interval \u00cen prima s\u0103pt\u0103m\u00e2n\u0103, \u021bara va experimenta [&hellip;]<\/p>\n","protected":false},"author":5,"featured_media":13522,"comment_status":"open","ping_status":"open","sticky":false,"template":"","format":"standard","meta":{"jnews-multi-image_gallery":[],"jnews_single_post":[],"jnews_primary_category":[],"jnews_override_counter":[],"footnotes":""},"categories":[45],"tags":[146,1375,135,141,1961,149,126,125],"class_list":["post-13521","post","type-post","status-publish","format-standard","has-post-thumbnail","hentry","category-meteo","tag-abateri-termice","tag-aprilie","tag-precipitatii","tag-prognoza-meteo","tag-regiunile-sudice","tag-romania","tag-temperaturi","tag-vreme"],"_links":{"self":[{"href":"https:\/\/www.newsrecorder.ro\/app\/wp-json\/wp\/v2\/posts\/13521","targetHints":{"allow":["GET"]}}],"collection":[{"href":"https:\/\/www.newsrecorder.ro\/app\/wp-json\/wp\/v2\/posts"}],"about":[{"href":"https:\/\/www.newsrecorder.ro\/app\/wp-json\/wp\/v2\/types\/post"}],"author":[{"embeddable":true,"href":"https:\/\/www.newsrecorder.ro\/app\/wp-json\/wp\/v2\/users\/5"}],"replies":[{"embeddable":true,"href":"https:\/\/www.newsrecorder.ro\/app\/wp-json\/wp\/v2\/comments?post=13521"}],"version-history":[{"count":0,"href":"https:\/\/www.newsrecorder.ro\/app\/wp-json\/wp\/v2\/posts\/13521\/revisions"}],"wp:featuredmedia":[{"embeddable":true,"href":"https:\/\/www.newsrecorder.ro\/app\/wp-json\/wp\/v2\/media\/13522"}],"wp:attachment":[{"href":"https:\/\/www.newsrecorder.ro\/app\/wp-json\/wp\/v2\/media?parent=13521"}],"wp:term":[{"taxonomy":"category","embeddable":true,"href":"https:\/\/www.newsrecorder.ro\/app\/wp-json\/wp\/v2\/categories?post=13521"},{"taxonomy":"post_tag","embeddable":true,"href":"https:\/\/www.newsrecorder.ro\/app\/wp-json\/wp\/v2\/tags?post=13521"}],"curies":[{"name":"wp","href":"https:\/\/api.w.org\/{rel}","templated":true}]}}