{"id":13551,"date":"2026-04-12T20:10:51","date_gmt":"2026-04-12T20:10:51","guid":{"rendered":"https:\/\/www.newsrecorder.ro\/app\/2026\/04\/12\/fjord-de-cristian-mungiu-in-competitia-cannes-sebastian-stan-straluceste\/"},"modified":"2026-04-12T20:10:51","modified_gmt":"2026-04-12T20:10:51","slug":"fjord-de-cristian-mungiu-in-competitia-cannes-sebastian-stan-straluceste","status":"publish","type":"post","link":"https:\/\/www.newsrecorder.ro\/app\/2026\/04\/12\/fjord-de-cristian-mungiu-in-competitia-cannes-sebastian-stan-straluceste\/","title":{"rendered":"\u201eFjord\u201d de Cristian Mungiu, \u00een competi\u021bia Cannes: Sebastian Stan str\u0103luce\u0219te!"},"content":{"rendered":"<p>\u00cen cadrul unei conferin\u021be de pres\u0103 desf\u0103\u0219urate joi la cinematograful Pathe Palace din Paris, directorul Festivalului de Film de la Cannes, Thierry Fr\u00e9maux, a anun\u021bat selec\u021bia oficial\u0103 a evenimentului, al\u0103turi de pre\u0219edinta festivalului, Iris Knobloch.<\/p>\n<p>Printre filmele selectate, se remarc\u0103 \u201eFjord\u201d, primul lungmetraj realizat de Cristian Mungiu \u00een limba englez\u0103. Acest film aduce \u00een prim-plan o poveste captivant\u0103 \u0219i complex\u0103, \u00eembin\u00e2nd teme universale cu particularit\u0103\u021bi culturale.<\/p>\n<p>Distribu\u021bia \u201eFjord\u201d \u00eei include pe Sebastian Stan, cunoscut pentru rolul s\u0103u din \u201eThe Apprentice\u201d, pentru care a fost nominalizat la Oscar, \u0219i pe actri\u021ba norvegian\u0103 Renate Reinsve, la r\u00e2ndul ei nominalizat\u0103 la Oscar pentru interpretarea din \u201eSentimental Value\u201d.<\/p>\n<p>Cristian Mungiu este un nume de referin\u021b\u0103 \u00een lumea cinematografiei, av\u00e2nd la activ premii prestigioase la Cannes, inclusiv Palme d\u2019Or pentru \u201e4 luni, 3 s\u0103pt\u0103m\u00e2ni \u0219i 2 zile\u201d, premiul pentru scenariu cu \u201eDup\u0103 dealuri\u201d \u0219i premiul pentru regie cu \u201eBacalaureat\u201d.<\/p>\n<p>\u201eFjord\u201d urm\u0103re\u0219te povestea lui Mihai \u0219i Lisbet Gheorghiu, un cuplu rom\u00e2no-norvegian profund religios care decide s\u0103 se mute din Rom\u00e2nia \u00een Norvegia \u00eempreun\u0103 cu cei doi copii ai lor, dorind s\u0103 fie mai aproape de familia so\u021biei. Pe parcurs, tensiunile \u00eencep s\u0103 apar\u0103 atunci c\u00e2nd comunitatea local\u0103 pune la \u00eendoial\u0103 stilul de educa\u021bie strict aplicat copiilor lor.<\/p>\n<p>Filmul adreseaz\u0103 subiecte profunde legate de viziunea asupra familiei, libert\u0103\u021bii \u0219i progresului, explor\u00e2nd contrastele culturale \u0219i sociale dintre cele dou\u0103 \u021b\u0103ri.<\/p>\n<p>Festivalul de Film de la Cannes se va desf\u0103\u0219ura \u00een perioada 12\u201323 mai, promi\u021b\u00e2nd s\u0103 aduc\u0103 \u00een aten\u021bia publicului cele mai recente \u0219i inovatoare crea\u021bii cinematografice din \u00eentreaga lume.<\/p>\n","protected":false},"excerpt":{"rendered":"<p>\u00cen cadrul unei conferin\u021be de pres\u0103 desf\u0103\u0219urate joi la cinematograful Pathe Palace din Paris, directorul Festivalului de Film de la Cannes, Thierry Fr\u00e9maux, a anun\u021bat selec\u021bia oficial\u0103 a evenimentului, al\u0103turi de pre\u0219edinta festivalului, Iris Knobloch. Printre filmele selectate, se remarc\u0103 \u201eFjord\u201d, primul lungmetraj realizat de Cristian Mungiu \u00een limba englez\u0103. Acest film aduce \u00een prim-plan [&hellip;]<\/p>\n","protected":false},"author":7,"featured_media":13552,"comment_status":"open","ping_status":"open","sticky":false,"template":"","format":"standard","meta":{"jnews-multi-image_gallery":[],"jnews_single_post":[],"jnews_primary_category":[],"jnews_override_counter":[],"footnotes":""},"categories":[43],"tags":[8168,246,15747,5835,15748,11617,15750,15990],"class_list":["post-13551","post","type-post","status-publish","format-standard","has-post-thumbnail","hentry","category-cultura","tag-cannes","tag-cinematografie","tag-cristian-mungiu","tag-festival-de-film","tag-fjord","tag-premiu-oscar","tag-renate-reinsve","tag-sebastian-stan"],"_links":{"self":[{"href":"https:\/\/www.newsrecorder.ro\/app\/wp-json\/wp\/v2\/posts\/13551","targetHints":{"allow":["GET"]}}],"collection":[{"href":"https:\/\/www.newsrecorder.ro\/app\/wp-json\/wp\/v2\/posts"}],"about":[{"href":"https:\/\/www.newsrecorder.ro\/app\/wp-json\/wp\/v2\/types\/post"}],"author":[{"embeddable":true,"href":"https:\/\/www.newsrecorder.ro\/app\/wp-json\/wp\/v2\/users\/7"}],"replies":[{"embeddable":true,"href":"https:\/\/www.newsrecorder.ro\/app\/wp-json\/wp\/v2\/comments?post=13551"}],"version-history":[{"count":0,"href":"https:\/\/www.newsrecorder.ro\/app\/wp-json\/wp\/v2\/posts\/13551\/revisions"}],"wp:featuredmedia":[{"embeddable":true,"href":"https:\/\/www.newsrecorder.ro\/app\/wp-json\/wp\/v2\/media\/13552"}],"wp:attachment":[{"href":"https:\/\/www.newsrecorder.ro\/app\/wp-json\/wp\/v2\/media?parent=13551"}],"wp:term":[{"taxonomy":"category","embeddable":true,"href":"https:\/\/www.newsrecorder.ro\/app\/wp-json\/wp\/v2\/categories?post=13551"},{"taxonomy":"post_tag","embeddable":true,"href":"https:\/\/www.newsrecorder.ro\/app\/wp-json\/wp\/v2\/tags?post=13551"}],"curies":[{"name":"wp","href":"https:\/\/api.w.org\/{rel}","templated":true}]}}