{"id":13555,"date":"2026-04-12T20:12:17","date_gmt":"2026-04-12T20:12:17","guid":{"rendered":"https:\/\/www.newsrecorder.ro\/app\/2026\/04\/12\/alegerile-din-ungaria-miza-globala-pentru-marile-puteri\/"},"modified":"2026-04-12T20:12:17","modified_gmt":"2026-04-12T20:12:17","slug":"alegerile-din-ungaria-miza-globala-pentru-marile-puteri","status":"publish","type":"post","link":"https:\/\/www.newsrecorder.ro\/app\/2026\/04\/12\/alegerile-din-ungaria-miza-globala-pentru-marile-puteri\/","title":{"rendered":"Alegerile din Ungaria: Miza global\u0103 pentru marile puteri!"},"content":{"rendered":"<p>Centrul pentru Reform\u0103 European\u0103 din Budapesta a declarat c\u0103 alegerile din Ungaria sunt \u201ecele mai importante alegeri din UE\u201d nu doar pentru acest an, ci \u0219i pentru o perioad\u0103 mai lung\u0103 de timp. Aceasta nu este o simpl\u0103 afirma\u021bie, ci reflect\u0103 impactul pe care rezultatul acestor alegeri \u00eel va avea asupra Europei \u0219i nu numai. Potrivit <strong><a style=\"color: #0000ff\" href=\"https:\/\/www.ft.com\/content\/a7e02cea-3761-448c-8472-d5d0d50e6753?syn-25a6b1a6=1\">Financial Times<\/a><\/strong>, Washingtonul, Moscova, Kievul \u0219i Bruxelles-ul sunt toate interesate de acest scrutin.<\/p>\n<p>\u00cenfr\u00e2ngerea lui Viktor Orb\u00e1n, care a condus Ungaria timp de 16 ani, ar putea avea repercusiuni profunde asupra conservatorilor na\u021bionali\u0219ti din \u00eentreaga lume, l\u0103s\u00e2ndu-i f\u0103r\u0103 un aliat de \u00eencredere at\u00e2t la Casa Alb\u0103, c\u00e2t \u0219i la Kremlin.<\/p>\n<p id=\"caption-attachment-23718940\" class=\"wp-caption-text\">Miting Tisza, s\u00e2mb\u0103t\u0103 sear\u0103<\/p>\n<p>Pentru oponen\u021bii lui Orb\u00e1n, aceste alegeri reprezint\u0103 o oportunitate rar\u0103 de a stopa tendin\u021ba de autocra\u021bie a \u021b\u0103rii \u0219i de a r\u0103spunde \u00eengrijor\u0103rilor Uniunii Europene cu privire la corup\u021bie \u0219i statul de drept, \u00een acela\u0219i timp facilit\u00e2nd ajutorul pentru Ucraina, afectat\u0103 de r\u0103zboi.<\/p>\n<p>Conform anali\u0219tilor, partidul Tisza se afl\u0103 \u00een prezent pe un trend ascendent, av\u00e2nd un avans mediu de 13 puncte procentuale \u00een sondajele de opinie independente. \u00cen contrast, sondajele care favorizeaz\u0103 guvernul \u00eel arat\u0103 pe partidul Fidesz al lui Orb\u00e1n cu un avantaj de 6,5 puncte procentuale.<\/p>\n<p><strong>De ce a sc\u0103zut sprijinul pentru Orb\u00e1n<\/strong><\/p>\n<p>Sprijinul pentru guvern a fost afectat de trei ani de stagnare economic\u0103 \u0219i de o infla\u021bie care, la un moment dat, a fost cea mai ridicat\u0103 din Uniunea European\u0103. Un sentiment tot mai mare de nemul\u021bumire public\u0103 fa\u021b\u0103 de corup\u021bia \u0219i favoritismul \u00een contractele publice a subminat autoritatea moral\u0103 a Fidesz, mai ales \u00een urma dezv\u0103luirilor legate de scandaluri pedofile.<\/p>\n<p><strong>America, Rusia, China \u0219i Bruxelles &#8211; \u00een expectativ\u0103<\/strong><\/p>\n<p>Posibilitatea unei \u00eenfr\u00e2ngeri pentru Orb\u00e1n a alarmat alia\u021bii s\u0103i globali, conform <strong><a style=\"color: #0000ff\" href=\"https:\/\/www.ft.com\/content\/a7e02cea-3761-448c-8472-d5d0d50e6753?syn-25a6b1a6=1\">Financial Times<\/a><\/strong>. La o recent\u0103 conferin\u021b\u0103 de ac\u021biune politic\u0103 conservatoare la Budapesta, congresmanul republican Russ Fulcher a descris Ungaria sub conducerea lui Orb\u00e1n ca fiind \u201ev\u00e2rful suli\u021bei \u00eempotriva globalismului\u201d. De asemenea, liderul olandez de extrem\u0103 dreapt\u0103, Geert Wilders, a l\u0103udat curajul lui Orb\u00e1n, numindu-l \u201eun leu pe un continent condus de oi\u201d.<\/p>\n<p>S\u0103pt\u0103m\u00e2na aceasta, vicepre\u0219edintele american JD Vance a vizitat Budapesta pentru a-l sprijini pe Orb\u00e1n \u00een campania electoral\u0103, denun\u021b\u00e2nd \u00een acela\u0219i timp ceea ce a numit o interferen\u021b\u0103 \u201eru\u0219inoas\u0103\u201d din partea Bruxelles-ului. Vance a subliniat \u201ecooperarea moral\u0103\u201d dintre administra\u021bia Trump \u0219i Ungaria \u00een contextul ap\u0103r\u0103rii civiliza\u021biei occidentale.<\/p>\n<p>\u00cen timpul unui miting, Vance l-a sunat pe Donald Trump, care a declarat: \u201eSunt un mare fan al lui Viktor. Sunt al\u0103turi de el p\u00e2n\u0103 la cap\u0103t, SUA este al\u0103turi de el p\u00e2n\u0103 la cap\u0103t.\u201d<\/p>\n<p>O \u00eenfr\u00e2ngere a lui Orb\u00e1n ar putea, de asemenea, s\u0103 elimine un guvern prietenos cu Beijingul \u0219i care colaboreaz\u0103 str\u00e2ns cu Moscova. Orb\u00e1n a fost cunoscut pentru declara\u021biile sale de loialitate fa\u021b\u0103 de Putin, oferindu-se s\u0103 ajute Rusia \u00een problemele interna\u021bionale.<\/p>\n<p>Pe de alt\u0103 parte, \u00een contextul rela\u021biilor cu Ucraina, aceste alegeri ar putea influen\u021ba dramatic ajutorul pe care \u021bara vecin\u0103 \u00eel prime\u0219te. Orb\u00e1n a blocat anterior un \u00eemprumut european de 90 de miliarde de euro destinat Ucrainei, ceea ce a generat critici din partea liderilor europeni.<\/p>\n<p>Cancelarul german Friedrich Merz a denun\u021bat acest veto ca fiind \u201eun act grav de lips\u0103 de loialitate \u00een cadrul Uniunii Europene\u201d, iar pre\u0219edintele Consiliului European, Ant\u00f3nio Costa, a subliniat c\u0103 aceasta a \u00eenc\u0103lcat principiul \u201ecooper\u0103rii sincere\u201d \u00eentre statele membre UE.<\/p>\n<p>Orb\u00e1n a sugerat c\u0103 vetoul s\u0103u ar putea fi ridicat \u00een cazul relu\u0103rii livr\u0103rilor de energie din Rusia c\u0103tre UE, ceea ce ar putea influen\u021ba \u0219i mai mult situa\u021bia politic\u0103 din regiune.<\/p>\n<p><strong>Liderii UE \u00eel sus\u021bin pe Peter Magyar. Promisiunile liderului Opozi\u021biei<\/strong><\/p>\n<p id=\"caption-attachment-23718941\" class=\"wp-caption-text\">Peter Magyar, vot duminic\u0103<\/p>\n<p>Liderii Uniunii Europene par s\u0103 sprijine t\u0103cut victoria lui Peter Magyar \u0219i a partidului Tisza. Magyar, un conservator patriot \u0219i fost membru al elitei guvernamentale, nu se identific\u0103 ca un federalist al UE, dar a promis s\u0103 restabileasc\u0103 cooperarea cu institu\u021biile europene. Acest lucru este esen\u021bial pentru a convinge Bruxelles-ul s\u0103 deblocheze aproape 20 de miliarde de euro din fonduri pentru Ungaria, care sunt \u00eenghe\u021bate din cauza problemelor legate de statul de drept.<\/p>\n<p>De\u0219i Magyar se opune ader\u0103rii rapide a Ucrainei la UE, Bruxelles-ul sper\u0103 c\u0103 va reu\u0219i s\u0103 ridice blocajul impus de Orb\u00e1n \u00een ceea ce prive\u0219te negocierile de aderare.<\/p>\n<p>\u00cen cazul \u00een care Orb\u00e1n c\u00e2\u0219tig\u0103 un al cincilea mandat consecutiv, temerile legate de obstruc\u021bionarea politicii externe a UE \u0219i a negocierilor pentru urm\u0103torul buget pe \u0219apte ani ar putea cre\u0219te, l\u0103s\u00e2nd Uniunea European\u0103 f\u0103r\u0103 solu\u021bii eficiente pentru a contracara tendin\u021bele autocratice.<\/p>\n<p>De altfel, sanc\u021biunea de a privi un stat membru de dreptul de vot necesit\u0103 unanimitate din partea celorlalte 26 de state membre, ceea ce este pu\u021bin probabil av\u00e2nd \u00een vedere c\u0103 alia\u021bii lui Orb\u00e1n de\u021bin puterea \u00een Slovacia, Republica Ceh\u0103 \u0219i Italia.<\/p>\n<p><strong>Orb\u00e1n are nevoie de 3 milioane de voturi din 7,5 milioane. Fidesz are deja 1,5 milioane<\/strong><\/p>\n<p>\u00cen aceste alegeri, \u201emiza real\u0103 este dac\u0103 scrutinul va fi unul liber \u0219i democratic sau dac\u0103 Orb\u00e1n va recurge la m\u0103suri autoritare pentru a se men\u021bine la putere\u201d, afirm\u0103 D\u00e1niel Heged\u00fcs, director adjunct al Institutului pentru Politic\u0103 European\u0103 din Berlin.<\/p>\n<p>\u201eAcest lucru ar putea transforma competi\u021bia \u00een primele alegeri trucate ale UE, ceea ce ar reprezenta o provocare extraordinar\u0103 pentru integritatea democratic\u0103 a Uniunii Europene\u201d, adaug\u0103 el.<\/p>\n<p>Reprezentan\u021bii Fidesz sus\u021bin c\u0103 partidul are o baz\u0103 solid\u0103 de 1,5 milioane de aleg\u0103tori care \u00eei sunt fideli \u0219i cred c\u0103 pot convinge alte c\u00e2teva sute de mii s\u0103 voteze pentru ei. Totu\u0219i, pentru a c\u00e2\u0219tiga, trebuie s\u0103 \u201emobilizeze\u201d \u00eenc\u0103 500.000 de aleg\u0103tori dezinteresa\u021bi.<\/p>\n<p>Primarii, organiza\u021biile non-profit, activi\u0219tii opozi\u021biei \u0219i membri ai comunit\u0103\u021bii de romi din \u021bar\u0103 au avertizat c\u0103 achizi\u021bionarea de voturi este deja \u00een desf\u0103\u0219urare, cu milioane de euro \u00een numerar distribuite pe \u00eentreg teritoriul pentru a favoriza Fidesz, de\u0219i dovezile pentru astfel de acuza\u021bii sunt greu de ob\u021binut.<\/p>\n<p>\u201eAcest lucru poate decide alegerile\u201d, spune Antal M\u00e1t\u00e9, primarul partidului de opozi\u021bie din Ny\u00edrb\u00e1tor, o zon\u0103 unde s-a raportat o cump\u0103rare de voturi masiv\u0103 \u00een r\u00e2ndul comunit\u0103\u021bii de romi.<\/p>\n<p><strong>Schimb\u0103rile \u00een legisla\u021bia electoral\u0103<\/strong><\/p>\n<p>Observatorii interna\u021bionali au caracterizat ultimele trei alegeri generale din Ungaria ca fiind libere, dar incorecte, de\u0219i criticii sus\u021bin c\u0103 neregulile au fost ignorate. Dup\u0103 2010, Orb\u00e1n a utilizat majoritatea sa parlamentar\u0103 pentru a modifica sistemul electoral \u00een favoarea partidului s\u0103u, asigur\u00e2ndu-se astfel c\u00e2teva supermajorit\u0103\u021bi consecutive.<\/p>\n<p>\u00cen prezent, Tisza are nevoie de un avans de 5 p\u00e2n\u0103 la 7 puncte procentuale pentru a ob\u021bine o majoritate func\u021bional\u0103. Orb\u00e1n a consolidat \u0219i mai mult controlul asupra alegerilor, restric\u021bion\u00e2nd accesul la mass-media \u0219i folosind resursele guvernamentale \u00een campania electoral\u0103.<\/p>\n<p>Guvernul a oferit bani aleg\u0103torilor \u021binti\u021bi, sporind beneficiile pentru pensionari \u0219i oferind bonusuri substan\u021biale pentru personalul militar \u0219i poli\u021bienesc. Cheltuielile pentru campanie au ajuns s\u0103 reprezinte 2,2% din PIB.<\/p>\n<p><strong>Acuza\u021biile din campanie<\/strong><\/p>\n<p>Un aspect nou al campaniei este intensificarea acuza\u021biilor guvernului privind amestecul str\u0103in, \u00een special \u00een leg\u0103tur\u0103 cu Ucraina. Orb\u00e1n a declarat c\u0103 oponen\u021bii s\u0103i \u201enu se vor opri de la nimic pentru a prelua puterea\u201d, acuz\u00e2ndu-i de complicitate cu servicii de informa\u021bii externe.<\/p>\n<p>Recent, autorit\u0103\u021bile maghiare au raportat c\u0103 mai multe \u0219coli au primit amenin\u021b\u0103ri cu bomb\u0103, acuza\u021bii care nu au fost sus\u021binute de dovezi concrete. \u00cen plus, un incident legat de confiscarea unei dube cu numerar \u0219i aur a fost interpretat de oficialii maghiari ca fiind o opera\u021biune de spionaj, de\u0219i creditorii implicati au declarat c\u0103 era vorba despre o linie de credit normal\u0103.<\/p>\n<p>Pre\u0219edintele ucrainean Volodimir Zelenski a sugerat c\u0103 ar putea reac\u021biona \u00een mod direct la Orb\u00e1n, ceea ce a fost interpretat de Fidesz ca o oportunitate de a-\u0219i consolida campania. \u201eDomnul Zelensky este unul dintre cei mai mari sus\u021bin\u0103tori ai lui Orb\u00e1n\u201d, a declarat un consilier de campanie.<\/p>\n<p><strong>Sprijinul Fidesz \u00een r\u00e2ndul romilor<\/strong><\/p>\n<p>Unii aleg\u0103tori Fidesz ar putea s\u0103-\u0219i ascund\u0103 preferin\u021bele, iar sprijinul \u00een r\u00e2ndul romilor ar putea fi mai mare dec\u00e2t sugereaz\u0103 sondajele. Guvernul a \u00eencercat s\u0103 \u00eel discrediteze pe Magyar \u0219i pe partidul s\u0103u, dar aceste planuri au fost compromise de dezv\u0103luirile unor denun\u021b\u0103tori.<\/p>\n<p>Bence Szab\u00f3, un ofi\u021ber de poli\u021bie, a afirmat c\u0103 unitatea sa a fost implicat\u0103 \u00eentr-o opera\u021biune a serviciilor secrete menit\u0103 s\u0103 submineze conducerea Tisza, cu acuza\u021bii de exploatare sexual\u0103 care nu au fost confirmate.<\/p>\n<p>\u201eCeea ce a fost dezv\u0103luit&#8230; dep\u0103\u0219e\u0219te orice limit\u0103\u201d, a spus Magyar, compar\u00e2nd situa\u021bia cu o tentativ\u0103 de lovitur\u0103 de stat \u00eempotriva Ungariei.<\/p>\n<p><strong>Acuza\u021biile la adresa lui Magyar, candidatul \u201eteflon\u201d<\/strong><\/p>\n<p>Magyar a fost \u021binta unor campanii de denigrare, inclusiv amenin\u021b\u0103ri de publicare a unor \u00eenregistr\u0103ri compromi\u021b\u0103toare. El a recunoscut c\u0103 a fost prins \u00eentr-o capcan\u0103, dar a negat consumul de droguri, av\u00e2nd dovezi care s\u0103 contrazic\u0103 acuza\u021biile.<\/p>\n<p>P\u00e2n\u0103 acum, Magyar a reu\u0219it s\u0103-\u0219i men\u021bin\u0103 o imagine pozitiv\u0103, devenind cel mai redutabil adversar al lui Orb\u00e1n \u00een ultimii ani. Aunit majoritatea for\u021belor anti-guvernamentale \u0219i a dezvoltat o re\u021bea social\u0103 proprie pentru a contracara controlul lui Orb\u00e1n asupra mass-media tradi\u021bionale.<\/p>\n<p>Fidesz a ob\u021binut un control semnificativ asupra institu\u021biilor statului, iar Orb<\/p>\n","protected":false},"excerpt":{"rendered":"<p>Centrul pentru Reform\u0103 European\u0103 din Budapesta a declarat c\u0103 alegerile din Ungaria sunt \u201ecele mai importante alegeri din UE\u201d nu doar pentru acest an, ci \u0219i pentru o perioad\u0103 mai lung\u0103 de timp. Aceasta nu este o simpl\u0103 afirma\u021bie, ci reflect\u0103 impactul pe care rezultatul acestor alegeri \u00eel va avea asupra Europei \u0219i nu numai. [&hellip;]<\/p>\n","protected":false},"author":2,"featured_media":13556,"comment_status":"open","ping_status":"open","sticky":false,"template":"","format":"standard","meta":{"jnews-multi-image_gallery":[],"jnews_single_post":[],"jnews_primary_category":[],"jnews_override_counter":[],"footnotes":""},"categories":[42],"tags":[5435,16283,1076,16284,16285,15423,321,2103],"class_list":["post-13555","post","type-post","status-publish","format-standard","has-post-thumbnail","hentry","category-politica","tag-alegeri-ungaria","tag-conservatori-nationalisti","tag-coruptie","tag-impact-european","tag-scrutin","tag-statul-de-drept","tag-uniunea-europeana","tag-viktor-orban"],"_links":{"self":[{"href":"https:\/\/www.newsrecorder.ro\/app\/wp-json\/wp\/v2\/posts\/13555","targetHints":{"allow":["GET"]}}],"collection":[{"href":"https:\/\/www.newsrecorder.ro\/app\/wp-json\/wp\/v2\/posts"}],"about":[{"href":"https:\/\/www.newsrecorder.ro\/app\/wp-json\/wp\/v2\/types\/post"}],"author":[{"embeddable":true,"href":"https:\/\/www.newsrecorder.ro\/app\/wp-json\/wp\/v2\/users\/2"}],"replies":[{"embeddable":true,"href":"https:\/\/www.newsrecorder.ro\/app\/wp-json\/wp\/v2\/comments?post=13555"}],"version-history":[{"count":0,"href":"https:\/\/www.newsrecorder.ro\/app\/wp-json\/wp\/v2\/posts\/13555\/revisions"}],"wp:featuredmedia":[{"embeddable":true,"href":"https:\/\/www.newsrecorder.ro\/app\/wp-json\/wp\/v2\/media\/13556"}],"wp:attachment":[{"href":"https:\/\/www.newsrecorder.ro\/app\/wp-json\/wp\/v2\/media?parent=13555"}],"wp:term":[{"taxonomy":"category","embeddable":true,"href":"https:\/\/www.newsrecorder.ro\/app\/wp-json\/wp\/v2\/categories?post=13555"},{"taxonomy":"post_tag","embeddable":true,"href":"https:\/\/www.newsrecorder.ro\/app\/wp-json\/wp\/v2\/tags?post=13555"}],"curies":[{"name":"wp","href":"https:\/\/api.w.org\/{rel}","templated":true}]}}