{"id":13571,"date":"2026-04-12T21:14:06","date_gmt":"2026-04-12T21:14:06","guid":{"rendered":"https:\/\/www.newsrecorder.ro\/app\/2026\/04\/12\/europa-pe-cale-sa-sufere-o-penurie-de-combustibil-pentru-avioane\/"},"modified":"2026-04-12T21:14:06","modified_gmt":"2026-04-12T21:14:06","slug":"europa-pe-cale-sa-sufere-o-penurie-de-combustibil-pentru-avioane","status":"publish","type":"post","link":"https:\/\/www.newsrecorder.ro\/app\/2026\/04\/12\/europa-pe-cale-sa-sufere-o-penurie-de-combustibil-pentru-avioane\/","title":{"rendered":"Europa, pe cale s\u0103 sufere o penurie de combustibil pentru avioane!"},"content":{"rendered":"<p>\u00centr-o scrisoare recent\u0103 trimis\u0103 Comisiei Europene, Consiliul Interna\u021bional al Aeroporturilor \u2013 Europa (ACI Europe) a tras un semnal de alarm\u0103 cu privire la o posibil\u0103 criz\u0103 a combustibilului, subliniind c\u0103 aceasta ar putea avea un impact semnificativ asupra economiei europene. Aceast\u0103 criz\u0103 ar amplifica efectele macroeconomice deja resim\u021bite din cauza cre\u0219terii pre\u021burilor petrolului, cauzat\u0103 de conflictul din Orientul Mijlociu, conform unei raport\u0103ri a agen\u021biei Reuters.<\/p>\n<p>ACI Europe a men\u021bionat c\u0103, \u00een cazul \u00een care tranzitul prin Str\u00e2mtoarea Ormuz nu va fi reluat \u00eentr-un mod semnificativ \u0219i stabil \u00een urm\u0103toarele trei s\u0103pt\u0103m\u00e2ni, Uniunea European\u0103 ar putea confrunta o penurie sistemic\u0103 de combustibil pentru avioane.<\/p>\n<p>\u00cen plus, apropierea sezonului estival, moment \u00een care transportul aerian joac\u0103 un rol crucial \u00een sus\u021binerea ecosistemului turistic esen\u021bial pentru multe economii din UE, amplific\u0103 aceste temeri. ACI Europe a subliniat importan\u021ba acestui sector, av\u00e2nd \u00een vedere c\u0103, conform unui studiu realizat pe date disponibile p\u00e2n\u0103 \u00een 2019, conectivitatea aerian\u0103 contribuie anual cu 851 de miliarde de euro la PIB-ul economiilor europene \u0219i sus\u021bine aproximativ 14 milioane de locuri de munc\u0103. De asemenea, aeroporturile europene gestioneaz\u0103 26% din exporturile continentului, raportat la valoare.<\/p>\n<p>\u00cen scrisoarea sa, ACI Europe a solicitat o monitorizare atent\u0103 a aprovizion\u0103rii la nivelul \u00eentregii Uniuni, pentru a ajuta industria s\u0103 \u00ee\u0219i coordoneze eficient r\u0103spunsul la aceast\u0103 situa\u021bie. Documentul subliniaz\u0103 lipsa unei cartografieri, evalu\u0103ri \u0219i monitoriz\u0103ri a produc\u021biei \u0219i disponibilit\u0103\u021bii combustibilului pentru avioane la nivelul Uniunii Europene.<\/p>\n<p>De\u0219i Donald Trump a anun\u021bat un armisti\u021biu de dou\u0103 s\u0103pt\u0103m\u00e2ni \u00een conflictul cu Iranul, pre\u021burile globale ale petrolului continu\u0103 s\u0103 r\u0103m\u00e2n\u0103 ridicate, ceea ce amplific\u0103 incertitudinea \u00een domeniul avia\u021biei.<\/p>\n","protected":false},"excerpt":{"rendered":"<p>\u00centr-o scrisoare recent\u0103 trimis\u0103 Comisiei Europene, Consiliul Interna\u021bional al Aeroporturilor \u2013 Europa (ACI Europe) a tras un semnal de alarm\u0103 cu privire la o posibil\u0103 criz\u0103 a combustibilului, subliniind c\u0103 aceasta ar putea avea un impact semnificativ asupra economiei europene. Aceast\u0103 criz\u0103 ar amplifica efectele macroeconomice deja resim\u021bite din cauza cre\u0219terii pre\u021burilor petrolului, cauzat\u0103 de [&hellip;]<\/p>\n","protected":false},"author":4,"featured_media":13572,"comment_status":"open","ping_status":"open","sticky":false,"template":"","format":"standard","meta":{"jnews-multi-image_gallery":[],"jnews_single_post":[],"jnews_primary_category":[],"jnews_override_counter":[],"footnotes":""},"categories":[40],"tags":[16296,9129,14467,15907,8943,15908,8772,4406],"class_list":["post-13571","post","type-post","status-publish","format-standard","has-post-thumbnail","hentry","category-econonie","tag-aci-europe","tag-conflict-orientul-mijlociu","tag-criza-combustibil","tag-economie-europeana","tag-preturi-petrol","tag-sezon-estival","tag-stramtoarea-ormuz","tag-transport-aerian"],"_links":{"self":[{"href":"https:\/\/www.newsrecorder.ro\/app\/wp-json\/wp\/v2\/posts\/13571","targetHints":{"allow":["GET"]}}],"collection":[{"href":"https:\/\/www.newsrecorder.ro\/app\/wp-json\/wp\/v2\/posts"}],"about":[{"href":"https:\/\/www.newsrecorder.ro\/app\/wp-json\/wp\/v2\/types\/post"}],"author":[{"embeddable":true,"href":"https:\/\/www.newsrecorder.ro\/app\/wp-json\/wp\/v2\/users\/4"}],"replies":[{"embeddable":true,"href":"https:\/\/www.newsrecorder.ro\/app\/wp-json\/wp\/v2\/comments?post=13571"}],"version-history":[{"count":0,"href":"https:\/\/www.newsrecorder.ro\/app\/wp-json\/wp\/v2\/posts\/13571\/revisions"}],"wp:featuredmedia":[{"embeddable":true,"href":"https:\/\/www.newsrecorder.ro\/app\/wp-json\/wp\/v2\/media\/13572"}],"wp:attachment":[{"href":"https:\/\/www.newsrecorder.ro\/app\/wp-json\/wp\/v2\/media?parent=13571"}],"wp:term":[{"taxonomy":"category","embeddable":true,"href":"https:\/\/www.newsrecorder.ro\/app\/wp-json\/wp\/v2\/categories?post=13571"},{"taxonomy":"post_tag","embeddable":true,"href":"https:\/\/www.newsrecorder.ro\/app\/wp-json\/wp\/v2\/tags?post=13571"}],"curies":[{"name":"wp","href":"https:\/\/api.w.org\/{rel}","templated":true}]}}