{"id":13575,"date":"2026-04-12T21:14:53","date_gmt":"2026-04-12T21:14:53","guid":{"rendered":"https:\/\/www.newsrecorder.ro\/app\/2026\/04\/12\/nicusor-dan-sarbatoreste-victoria-lui-peter-magyar-un-nou-inceput-romano-maghiar\/"},"modified":"2026-04-12T21:14:53","modified_gmt":"2026-04-12T21:14:53","slug":"nicusor-dan-sarbatoreste-victoria-lui-peter-magyar-un-nou-inceput-romano-maghiar","status":"publish","type":"post","link":"https:\/\/www.newsrecorder.ro\/app\/2026\/04\/12\/nicusor-dan-sarbatoreste-victoria-lui-peter-magyar-un-nou-inceput-romano-maghiar\/","title":{"rendered":"Nicu\u0219or Dan s\u0103rb\u0103tore\u0219te victoria lui Peter Magyar: Un nou \u00eenceput rom\u00e2no-maghiar!"},"content":{"rendered":"<p>\u00centr-o postare recent\u0103 pe platforma X, pre\u0219edintele Rom\u00e2niei, Nicu\u0219or Dan, a adresat felicit\u0103ri liderului opozi\u021biei din <a href=\"https:\/\/www.mediafax.ro\/externe\/peter-magyar-despre-romania-ce-declara-viitorul-lider-de-la-budapesta-in-vizitele-din-tara-noastra-23719218\">Ungaria<\/a>, P\u00e9ter Magyar, subliniind c\u0103 rezultatul votului de duminic\u0103 a fost unul clar \u0219i concludent.<\/p>\n<p>\u201eFelicit\u0103ri lui P\u00e9ter Magyar \u0219i partidului Tisza pentru aceast\u0103 victorie de referin\u021b\u0103. Poporul maghiar s-a exprimat cu o voce clar\u0103 \u0219i puternic\u0103\u201d, a scris Nicu\u0219or Dan, eviden\u021biind importan\u021ba acestui moment \u00een contextul politic maghiar.<\/p>\n<p>Pre\u0219edintele Rom\u00e2niei a subliniat, de asemenea, leg\u0103tura str\u00e2ns\u0103 dintre Rom\u00e2nia \u0219i Ungaria, ambele fiind state vecine \u0219i parteneri \u00een cadrul Uniunii Europene \u0219i NATO. El a exprimat dorin\u021ba de a deschide un nou capitol \u00een rela\u021biile bilaterale.<\/p>\n<p>\u201eA\u0219tept cu interes s\u0103 deschidem un nou capitol \u00een rela\u021biile rom\u00e2no-maghiare, bazat pe respect reciproc, dialog deschis \u0219i angajamentul nostru comun fa\u021b\u0103 de valorile europene \u0219i euro-atlantice\u201d, a afirmat pre\u0219edintele, eviden\u021biind angajamentul fa\u021b\u0103 de colaborarea dintre cele dou\u0103 na\u021biuni.<\/p>\n<p>Nicu\u0219or Dan a men\u021bionat, de asemenea, existen\u021ba \u201emarilor oportunit\u0103\u021bi\u201d de cooperare \u00eentre Rom\u00e2nia \u0219i Ungaria, subliniind domeniile \u00een care cele dou\u0103 \u021b\u0103ri pot colabora eficient.<\/p>\n<p>\u201eExist\u0103 oportunit\u0103\u021bi extraordinare de a colabora \u00een domeniul securit\u0103\u021bii regionale, al cooper\u0103rii economice \u0219i al bun\u0103st\u0103rii popoarelor noastre. Felicit\u0103ri! Gratul\u00e1lok!\u201d, a ad\u0103ugat el, reafirm\u00e2nd angajamentul Rom\u00e2niei fa\u021b\u0103 de parteneriatele interna\u021bionale.<\/p>\n<p>Mesajul lui Nicu\u0219or Dan a fost transmis \u00een contextul victoriei clare ob\u021binute de partidul Tisza \u00een cadrul scrutinului parlamentar din Ungaria, un rezultat ce marcheaz\u0103 sf\u00e2r\u0219itul celor 16 ani de domina\u021bie politic\u0103 a lui Viktor Orb\u00e1n \u0219i partidului Fidesz.<\/p>\n","protected":false},"excerpt":{"rendered":"<p>\u00centr-o postare recent\u0103 pe platforma X, pre\u0219edintele Rom\u00e2niei, Nicu\u0219or Dan, a adresat felicit\u0103ri liderului opozi\u021biei din Ungaria, P\u00e9ter Magyar, subliniind c\u0103 rezultatul votului de duminic\u0103 a fost unul clar \u0219i concludent. \u201eFelicit\u0103ri lui P\u00e9ter Magyar \u0219i partidului Tisza pentru aceast\u0103 victorie de referin\u021b\u0103. Poporul maghiar s-a exprimat cu o voce clar\u0103 \u0219i puternic\u0103\u201d, a scris [&hellip;]<\/p>\n","protected":false},"author":2,"featured_media":13576,"comment_status":"open","ping_status":"open","sticky":false,"template":"","format":"standard","meta":{"jnews-multi-image_gallery":[],"jnews_single_post":[],"jnews_primary_category":[],"jnews_override_counter":[],"footnotes":""},"categories":[39],"tags":[352,286,4748,1324,149,1924,321,10492],"class_list":["post-13575","post","type-post","status-publish","format-standard","has-post-thumbnail","hentry","category-stirile-zilei","tag-nato","tag-nicusor-dan","tag-peter-magyar","tag-relatii-bilaterale","tag-romania","tag-ungaria","tag-uniunea-europeana","tag-valori-europene"],"_links":{"self":[{"href":"https:\/\/www.newsrecorder.ro\/app\/wp-json\/wp\/v2\/posts\/13575","targetHints":{"allow":["GET"]}}],"collection":[{"href":"https:\/\/www.newsrecorder.ro\/app\/wp-json\/wp\/v2\/posts"}],"about":[{"href":"https:\/\/www.newsrecorder.ro\/app\/wp-json\/wp\/v2\/types\/post"}],"author":[{"embeddable":true,"href":"https:\/\/www.newsrecorder.ro\/app\/wp-json\/wp\/v2\/users\/2"}],"replies":[{"embeddable":true,"href":"https:\/\/www.newsrecorder.ro\/app\/wp-json\/wp\/v2\/comments?post=13575"}],"version-history":[{"count":0,"href":"https:\/\/www.newsrecorder.ro\/app\/wp-json\/wp\/v2\/posts\/13575\/revisions"}],"wp:featuredmedia":[{"embeddable":true,"href":"https:\/\/www.newsrecorder.ro\/app\/wp-json\/wp\/v2\/media\/13576"}],"wp:attachment":[{"href":"https:\/\/www.newsrecorder.ro\/app\/wp-json\/wp\/v2\/media?parent=13575"}],"wp:term":[{"taxonomy":"category","embeddable":true,"href":"https:\/\/www.newsrecorder.ro\/app\/wp-json\/wp\/v2\/categories?post=13575"},{"taxonomy":"post_tag","embeddable":true,"href":"https:\/\/www.newsrecorder.ro\/app\/wp-json\/wp\/v2\/tags?post=13575"}],"curies":[{"name":"wp","href":"https:\/\/api.w.org\/{rel}","templated":true}]}}