{"id":13577,"date":"2026-04-12T22:10:42","date_gmt":"2026-04-12T22:10:42","guid":{"rendered":"https:\/\/www.newsrecorder.ro\/app\/2026\/04\/12\/zelenski-reactioneaza-dupa-victoria-lui-peter-magyar-impotriva-lui-orban\/"},"modified":"2026-04-12T22:10:42","modified_gmt":"2026-04-12T22:10:42","slug":"zelenski-reactioneaza-dupa-victoria-lui-peter-magyar-impotriva-lui-orban","status":"publish","type":"post","link":"https:\/\/www.newsrecorder.ro\/app\/2026\/04\/12\/zelenski-reactioneaza-dupa-victoria-lui-peter-magyar-impotriva-lui-orban\/","title":{"rendered":"Zelenski reac\u021bioneaz\u0103 dup\u0103 victoria lui Peter Magyar \u00eempotriva lui Orban!"},"content":{"rendered":"<p>\u00centr-o postare recent\u0103 pe platforma X, pre\u0219edintele ucrainean Volodimir Zelenski a felicitat-o pe liderul opozi\u021biei din <a href=\"https:\/\/www.mediafax.ro\/externe\/alegeri-in-ungaria-rezultate-partiale-alegeri-ungaria-opozitia-6884-orban-2764-update-viktor-orban-si-a-recunoscut-infrangerea-23718832\">Ungaria<\/a>, P\u00e9ter Magyar, pentru \u201evictoria categoric\u0103\u201d ob\u021binut\u0103 \u00een alegeri.<\/p>\n<p>Zelenski a subliniat importan\u021ba unei abord\u0103ri constructive, afirm\u00e2nd: \u201eFelicit\u0103ri lui P\u00e9ter Magyar \u0219i partidului TISZA pentru victoria lor categoric\u0103. Ucraina a urm\u0103rit \u00eentotdeauna s\u0103 aib\u0103 rela\u021bii bune de vecin\u0103tate cu toate statele din Europa \u0219i suntem preg\u0103ti\u021bi s\u0103 dezvolt\u0103m cooperarea cu Ungaria.\u201d<\/p>\n<p>De asemenea, pre\u0219edintele ucrainean a f\u0103cut apel la unitate \u00een Europa, men\u021bion\u00e2nd c\u0103 fiecare stat european trebuie s\u0103 devin\u0103 mai puternic: \u201eMilioane de europeni \u00ee\u0219i doresc cooperare \u0219i stabilitate.\u201d<\/p>\n<p>\u201eSuntem preg\u0103ti\u021bi pentru \u00eent\u00e2lniri \u0219i pentru o munc\u0103 comun\u0103, constructiv\u0103, \u00een beneficiul ambelor na\u021biuni, precum \u0219i al p\u0103cii, securit\u0103\u021bii \u0219i stabilit\u0103\u021bii \u00een Europa,\u201d a ad\u0103ugat Zelenski.<\/p>\n<p>Acest mesaj vine \u00eentr-un context \u00een care rela\u021biile dintre Ucraina \u0219i guvernul condus de Viktor Orb\u00e1n au fost caracterizate de tensiuni \u00een ultimii ani, \u00een special pe fondul sprijinului acordat Ucrainei. Pre\u0219edintele ucrainean pare s\u0103 \u00ee\u0219i doreasc\u0103 o \u00eembun\u0103t\u0103\u021bire a acestor rela\u021bii, \u00eencuraj\u00e2nd dialogul \u0219i cooperarea bilateral\u0103.<\/p>\n","protected":false},"excerpt":{"rendered":"<p>\u00centr-o postare recent\u0103 pe platforma X, pre\u0219edintele ucrainean Volodimir Zelenski a felicitat-o pe liderul opozi\u021biei din Ungaria, P\u00e9ter Magyar, pentru \u201evictoria categoric\u0103\u201d ob\u021binut\u0103 \u00een alegeri. Zelenski a subliniat importan\u021ba unei abord\u0103ri constructive, afirm\u00e2nd: \u201eFelicit\u0103ri lui P\u00e9ter Magyar \u0219i partidului TISZA pentru victoria lor categoric\u0103. Ucraina a urm\u0103rit \u00eentotdeauna s\u0103 aib\u0103 rela\u021bii bune de vecin\u0103tate cu [&hellip;]<\/p>\n","protected":false},"author":2,"featured_media":13578,"comment_status":"open","ping_status":"open","sticky":false,"template":"","format":"standard","meta":{"jnews-multi-image_gallery":[],"jnews_single_post":[],"jnews_primary_category":[],"jnews_override_counter":[],"footnotes":""},"categories":[39],"tags":[1042,659,699,4748,1005,1924,2599,1030],"class_list":["post-13577","post","type-post","status-publish","format-standard","has-post-thumbnail","hentry","category-stirile-zilei","tag-alegeri","tag-cooperare","tag-europa","tag-peter-magyar","tag-stabilitate","tag-ungaria","tag-unitate","tag-zelenski"],"_links":{"self":[{"href":"https:\/\/www.newsrecorder.ro\/app\/wp-json\/wp\/v2\/posts\/13577","targetHints":{"allow":["GET"]}}],"collection":[{"href":"https:\/\/www.newsrecorder.ro\/app\/wp-json\/wp\/v2\/posts"}],"about":[{"href":"https:\/\/www.newsrecorder.ro\/app\/wp-json\/wp\/v2\/types\/post"}],"author":[{"embeddable":true,"href":"https:\/\/www.newsrecorder.ro\/app\/wp-json\/wp\/v2\/users\/2"}],"replies":[{"embeddable":true,"href":"https:\/\/www.newsrecorder.ro\/app\/wp-json\/wp\/v2\/comments?post=13577"}],"version-history":[{"count":0,"href":"https:\/\/www.newsrecorder.ro\/app\/wp-json\/wp\/v2\/posts\/13577\/revisions"}],"wp:featuredmedia":[{"embeddable":true,"href":"https:\/\/www.newsrecorder.ro\/app\/wp-json\/wp\/v2\/media\/13578"}],"wp:attachment":[{"href":"https:\/\/www.newsrecorder.ro\/app\/wp-json\/wp\/v2\/media?parent=13577"}],"wp:term":[{"taxonomy":"category","embeddable":true,"href":"https:\/\/www.newsrecorder.ro\/app\/wp-json\/wp\/v2\/categories?post=13577"},{"taxonomy":"post_tag","embeddable":true,"href":"https:\/\/www.newsrecorder.ro\/app\/wp-json\/wp\/v2\/tags?post=13577"}],"curies":[{"name":"wp","href":"https:\/\/api.w.org\/{rel}","templated":true}]}}