{"id":13589,"date":"2026-04-12T22:13:02","date_gmt":"2026-04-12T22:13:02","guid":{"rendered":"https:\/\/www.newsrecorder.ro\/app\/2026\/04\/12\/peter-magyar-dezvaluie-ce-planuri-are-pentru-romania-ca-lider-de-la-budapesta\/"},"modified":"2026-04-12T22:13:02","modified_gmt":"2026-04-12T22:13:02","slug":"peter-magyar-dezvaluie-ce-planuri-are-pentru-romania-ca-lider-de-la-budapesta","status":"publish","type":"post","link":"https:\/\/www.newsrecorder.ro\/app\/2026\/04\/12\/peter-magyar-dezvaluie-ce-planuri-are-pentru-romania-ca-lider-de-la-budapesta\/","title":{"rendered":"P\u00e9ter Magyar dezv\u0103luie: Ce planuri are pentru Rom\u00e2nia, ca lider de la Budapesta"},"content":{"rendered":"<p>Pe 10 mai 2025, Magyar a adus \u00een discu\u021bie o problem\u0103 major\u0103 \u00een comunitatea maghiar\u0103, acuz\u00e2ndu-l pe Viktor Orb\u00e1n c\u0103 a \u201etr\u0103dat\u201d maghiarii din afara grani\u021belor, prin sprijinul acordat lui George Simion. Potrivit <a href=\"https:\/\/telex.hu\/belfold\/2025\/05\/10\/magyar-peter-orban-viktor-kulhoni-magyarok-elarulasa-george-simion-magyarellenesseg-romania?utm_source=chatgpt.com\">Telex<\/a>, Magyar a descris aceast\u0103 sus\u021binere ca pe o lovitur\u0103 dat\u0103 intereselor comunit\u0103\u021bii maghiare din Rom\u00e2nia.<\/p>\n<p>Dup\u0103 desf\u0103\u0219urarea turului decisiv al alegerilor preziden\u021biale din Rom\u00e2nia, Magyar a reiterat aceast\u0103 tem\u0103, sus\u021bin\u00e2nd c\u0103 \u00eenfr\u00e2ngerea lui George Simion reprezint\u0103 un e\u0219ec politic \u0219i pentru Orb\u00e1n. Conform celor relatate de Telex, liderul TISZA a v\u0103zut rezultatul alegerilor ca pe o dovad\u0103 c\u0103 sprijinul oferit de premierul ungar candidatului rom\u00e2n a fost o gre\u0219eal\u0103, constituind o nou\u0103 tr\u0103dare a maghiarilor din Transilvania.<\/p>\n<p>La sf\u00e2r\u0219itul lunii mai 2025, Magyar a organizat un mar\u0219 care a culminat cu o traversare a frontierei \u00een Rom\u00e2nia, av\u00e2nd ca scop apropierea de maghiarii etnici din \u021bar\u0103. Ajuns la Oradea, el a subliniat c\u0103 at\u00e2t rom\u00e2nii, c\u00e2t \u0219i maghiarii au respins \u201einstigarea la ur\u0103 \u0219i dezbinarea\u201d. \u00cen acela\u0219i timp, Magyar a \u00eendemnat rom\u00e2nii s\u0103 nu perceap\u0103 Ungaria \u0219i maghiarii ca pe du\u0219mani, ci ca pe parteneri \u0219i oportunit\u0103\u021bi, pled\u00e2nd pentru men\u021binerea Rom\u00e2niei pe calea european\u0103.<\/p>\n<p>\u00cen luna iulie 2025, Magyar a revenit asupra rela\u021biilor politice cu Rom\u00e2nia, anun\u021b\u00e2nd pe <a href=\"https:\/\/magyartisza.hu\/hirek\/ujsag\/nem-ursula-von-der-leyen-levadaszasa-a-valodi-cel?utm_source=chatgpt.com\">site-ul oficial al partidului TISZA<\/a> c\u0103 forma\u021biunea sa nu va colabora \u201e\u00een nicio circumstan\u021b\u0103\u201d cu AUR. El a denun\u021bat politica fricii \u0219i a urii, afirm\u00e2nd c\u0103 aceasta este folosit\u0103 \u201e\u00een Rom\u00e2nia \u00eempotriva maghiarilor\u201d, relu\u00e2nd astfel tema protec\u021biei minorit\u0103\u021bii maghiare \u00een contextul politic rom\u00e2nesc.<\/p>\n<p>\u00cen august 2025, \u00een timpul unei vizite \u00een Transilvania, Magyar a discutat despre problemele comunit\u0103\u021bilor locale. Conform reportajelor de la Telex \u0219i Transtelex, la evenimentele din T\u00e2rgu Mure\u0219 \u0219i Nagyadorj\u00e1n, el a subliniat necesitatea unor rela\u021bii mai transparente cu maghiarii din Rom\u00e2nia. De asemenea, a promis continuarea sprijinului pentru comunit\u0103\u021bile din afara grani\u021belor, dar cu reguli mai clare, afirm\u00e2nd c\u0103 \u201e\u00een Transilvania omul nu e niciodat\u0103 oaspete\u201d. Critic\u00e2nd modul \u00een care Budapesta a gestionat rela\u021biile cu maghiarii ardeleni, Magyar a transmis un mesaj de deschidere c\u0103tre UDMR.<\/p>\n<p>\u00cen aceea\u0219i deplasare, dup\u0103 o vizit\u0103 la Praid, Magyar a criticat reac\u021bia autorit\u0103\u021bilor rom\u00e2ne \u00een fa\u021ba crizei provocate de dezastrul de la salin\u0103. El a declarat c\u0103 guvernul rom\u00e2n nu a oferit un ajutor efectiv suficient pentru cei afecta\u021bi \u0219i a \u00eendemnat publicul s\u0103 sus\u021bin\u0103 zona prin turism \u0219i consum local. Transtelex a raportat c\u0103 liderul ungar a discutat despre o posibil\u0103 colaborare viitoare cu guvernul rom\u00e2n pentru relansarea turismului \u00een regiune.<\/p>\n","protected":false},"excerpt":{"rendered":"<p>Pe 10 mai 2025, Magyar a adus \u00een discu\u021bie o problem\u0103 major\u0103 \u00een comunitatea maghiar\u0103, acuz\u00e2ndu-l pe Viktor Orb\u00e1n c\u0103 a \u201etr\u0103dat\u201d maghiarii din afara grani\u021belor, prin sprijinul acordat lui George Simion. Potrivit Telex, Magyar a descris aceast\u0103 sus\u021binere ca pe o lovitur\u0103 dat\u0103 intereselor comunit\u0103\u021bii maghiare din Rom\u00e2nia. Dup\u0103 desf\u0103\u0219urarea turului decisiv al alegerilor [&hellip;]<\/p>\n","protected":false},"author":2,"featured_media":13590,"comment_status":"open","ping_status":"open","sticky":false,"template":"","format":"standard","meta":{"jnews-multi-image_gallery":[],"jnews_single_post":[],"jnews_primary_category":[],"jnews_override_counter":[],"footnotes":""},"categories":[39],"tags":[2619,9901,2816,8731,149,5399,263,2103],"class_list":["post-13589","post","type-post","status-publish","format-standard","has-post-thumbnail","hentry","category-stirile-zilei","tag-alegeri-prezidentiale","tag-comunitate-maghiara","tag-george-simion","tag-maghiari","tag-romania","tag-tradare","tag-transilvania","tag-viktor-orban"],"_links":{"self":[{"href":"https:\/\/www.newsrecorder.ro\/app\/wp-json\/wp\/v2\/posts\/13589","targetHints":{"allow":["GET"]}}],"collection":[{"href":"https:\/\/www.newsrecorder.ro\/app\/wp-json\/wp\/v2\/posts"}],"about":[{"href":"https:\/\/www.newsrecorder.ro\/app\/wp-json\/wp\/v2\/types\/post"}],"author":[{"embeddable":true,"href":"https:\/\/www.newsrecorder.ro\/app\/wp-json\/wp\/v2\/users\/2"}],"replies":[{"embeddable":true,"href":"https:\/\/www.newsrecorder.ro\/app\/wp-json\/wp\/v2\/comments?post=13589"}],"version-history":[{"count":0,"href":"https:\/\/www.newsrecorder.ro\/app\/wp-json\/wp\/v2\/posts\/13589\/revisions"}],"wp:featuredmedia":[{"embeddable":true,"href":"https:\/\/www.newsrecorder.ro\/app\/wp-json\/wp\/v2\/media\/13590"}],"wp:attachment":[{"href":"https:\/\/www.newsrecorder.ro\/app\/wp-json\/wp\/v2\/media?parent=13589"}],"wp:term":[{"taxonomy":"category","embeddable":true,"href":"https:\/\/www.newsrecorder.ro\/app\/wp-json\/wp\/v2\/categories?post=13589"},{"taxonomy":"post_tag","embeddable":true,"href":"https:\/\/www.newsrecorder.ro\/app\/wp-json\/wp\/v2\/tags?post=13589"}],"curies":[{"name":"wp","href":"https:\/\/api.w.org\/{rel}","templated":true}]}}